{"id":777,"date":"2015-01-27T10:33:58","date_gmt":"2015-01-27T09:33:58","guid":{"rendered":"http:\/\/cpmendavia.educacion.navarra.es\/web\/?p=777"},"modified":"2015-02-05T09:27:48","modified_gmt":"2015-02-05T08:27:48","slug":"preinscripciones-curso-20132014","status":"publish","type":"post","link":"https:\/\/cpmendavia.educacion.navarra.es\/web\/blog\/2015\/01\/27\/preinscripciones-curso-20132014\/","title":{"rendered":"PREINSCRIPCIONES CURSO 2015\/2016"},"content":{"rendered":"<p style=\"text-align: justify;\"><a href=\"https:\/\/cpmendavia.educacion.navarra.es\/web\/wp-content\/uploads\/2012\/03\/CPEIP-MENDAVIA1.jpg\"><img loading=\"lazy\" class=\"alignleft size-thumbnail wp-image-184\" src=\"https:\/\/cpmendavia.educacion.navarra.es\/web\/wp-content\/uploads\/2012\/03\/CPEIP-MENDAVIA1-150x150.jpg\" alt=\"CPEIP MENDAVIA1\" width=\"150\" height=\"150\" \/><\/a>Comienza el periodo de preinscripciones para el curso 2015\/2016, dirigido al nuevo alumnado que por primera vez, y por cambio de etapa, continuar\u00e1 su educaci\u00f3n en nuestro centro. <!--more--><\/p>\n<p style=\"text-align: justify;\">Desde el colegio haremos llegar la informaci\u00f3n y documentaci\u00f3n necesaria para formalizar la preinscripci\u00f3n al alumnado que actualmente est\u00e1 en su \u00faltimo curso en el centro de infantil \u00abNtra. Sra. de los Dolores\u00bb de Mendavia, para as\u00ed facilitar en la medida de lo posible su cambio de etapa a nuestro centro.<\/p>\n<p style=\"text-align: justify;\">El plazo para formalizar la <a href=\"https:\/\/cpmendavia.educacion.navarra.es\/web\/educa-2\/matriculacion-2\/\" target=\"_blank\">preinscripci\u00f3n <\/a>ser\u00e1 entre el\u00a09 de febrero y el\u00a013 de febrero, siempre entregando la documentaci\u00f3n necesaria\u00a0en la secretar\u00eda del centro, en horario de 9 a 13:50 horas. Pinche <a href=\"http:\/\/www.navarra.es\/home_es\/Servicios\/ficha\/5646\/Preinscripcion-y-matricula-del-alumnado-de-Segundo-Ciclo-de-Educacion-Infantil-y-Primaria-Curso-2015-2016\" target=\"_blank\">aqu\u00ed <\/a>si quiere m\u00e1s informaci\u00f3n sobre las preinscripciones. <a href=\"https:\/\/drive.google.com\/file\/d\/0B1JDICRkheimQmFSek8tc3J2VUE\/view?usp=sharing\" target=\"_blank\">Impreso de preinscripci\u00f3n.<\/a><\/p>\n<p style=\"text-align: justify;\">Si alg\u00fan alumno\/a, actualmente no cursa sus estudios en el centro de infantil de Mendavia, pero desea continuar su formaci\u00f3n en nuestro centro, puede ponerse en contacto con <a href=\"https:\/\/cpmendavia.educacion.navarra.es\/web\/educa-2\/atencion-al-publico\/\" target=\"_blank\">secretar\u00eda <\/a>para as\u00ed hacerle llegar la informaci\u00f3n y documentaci\u00f3n necesaria.<\/p>\n","protected":false},"excerpt":{"rendered":"<p>Comienza el periodo de preinscripciones para el curso 2015\/2016, dirigido al nuevo alumnado que por primera vez, y por cambio de etapa, continuar\u00e1 su educaci\u00f3n en nuestro centro.<\/p>\n","protected":false},"author":1,"featured_media":0,"comment_status":"closed","ping_status":"closed","sticky":false,"template":"","format":"standard","meta":[],"categories":[1],"tags":[],"_links":{"self":[{"href":"https:\/\/cpmendavia.educacion.navarra.es\/web\/wp-json\/wp\/v2\/posts\/777"}],"collection":[{"href":"https:\/\/cpmendavia.educacion.navarra.es\/web\/wp-json\/wp\/v2\/posts"}],"about":[{"href":"https:\/\/cpmendavia.educacion.navarra.es\/web\/wp-json\/wp\/v2\/types\/post"}],"author":[{"embeddable":true,"href":"https:\/\/cpmendavia.educacion.navarra.es\/web\/wp-json\/wp\/v2\/users\/1"}],"replies":[{"embeddable":true,"href":"https:\/\/cpmendavia.educacion.navarra.es\/web\/wp-json\/wp\/v2\/comments?post=777"}],"version-history":[{"count":20,"href":"https:\/\/cpmendavia.educacion.navarra.es\/web\/wp-json\/wp\/v2\/posts\/777\/revisions"}],"predecessor-version":[{"id":1364,"href":"https:\/\/cpmendavia.educacion.navarra.es\/web\/wp-json\/wp\/v2\/posts\/777\/revisions\/1364"}],"wp:attachment":[{"href":"https:\/\/cpmendavia.educacion.navarra.es\/web\/wp-json\/wp\/v2\/media?parent=777"}],"wp:term":[{"taxonomy":"category","embeddable":true,"href":"https:\/\/cpmendavia.educacion.navarra.es\/web\/wp-json\/wp\/v2\/categories?post=777"},{"taxonomy":"post_tag","embeddable":true,"href":"https:\/\/cpmendavia.educacion.navarra.es\/web\/wp-json\/wp\/v2\/tags?post=777"}],"curies":[{"name":"wp","href":"https:\/\/api.w.org\/{rel}","templated":true}]}}