{"id":3234,"date":"2023-12-21T13:41:24","date_gmt":"2023-12-21T12:41:24","guid":{"rendered":"https:\/\/cpmendavia.educacion.navarra.es\/web\/?p=3234"},"modified":"2023-12-21T13:41:25","modified_gmt":"2023-12-21T12:41:25","slug":"nos-fuimos-a-patinar","status":"publish","type":"post","link":"https:\/\/cpmendavia.educacion.navarra.es\/web\/blog\/2023\/12\/21\/nos-fuimos-a-patinar\/","title":{"rendered":"\u00a1NOS FUIMOS A PATINAR!"},"content":{"rendered":"\n<p>Hola!!! El pasado lunes 18 de diciembre, el alumnado de 5\u00ba y 6\u00ba de primaria nos fuimos a patinar sobre hielo en la pista de Logro\u00f1o.&nbsp;<\/p>\n\n\n\n<p>Antes de salir, est\u00e1bamos muy nerviosos y nerviosas. Algunas alumnas llegamos muy pronto al cole, \u00a1\u00a1\u00a1\u00a1no fuera a ser que el autob\u00fas se fuera a ir sin nosotras!!! je, je, je<\/p>\n\n\n\n<p>Tras un trayecto cortito en bus, llegamos a la pista. Nos toc\u00f3 esperar un poco, porque llegamos antes de tiempo. Cuando por fin apareci\u00f3 uno de los monitores, m\u00e1s nervios a\u00fan.<\/p>\n\n\n\n<p>Nos dio unas pocas indicaciones, seguro que con ellas casi nos convertimos en Javier Fern\u00e1ndez, el patinador ol\u00edmpico.<\/p>\n\n\n\n<p>Ya con los patines puestos, entramos en la pista. Y ah\u00ed es cuando llegaron los primeros resbalones, culetadas y le\u00f1azos a diestro y siniestro. Algunos descubrimos que esto de patinar no era lo nuestro. Pero, nos re\u00edmos mucho y nos lo pasamos genial.&nbsp;<\/p>\n\n\n\n<p>\u00a1Feliz Navidad!<\/p>\n\n\n\n<p>Alumnado de 5\u00ba y 6\u00ba<\/p>\n\n\n\n<p>Pulsa <a href=\"https:\/\/photos.app.goo.gl\/NuTByrenDSMKq3cAA\" target=\"_blank\" rel=\"noreferrer noopener\">aqu\u00ed <\/a>para ver las fotos. <\/p>\n","protected":false},"excerpt":{"rendered":"<p>Hola!!! El pasado lunes 18 de diciembre, el alumnado de 5\u00ba y 6\u00ba de primaria nos fuimos a patinar sobre hielo en la pista de Logro\u00f1o.&nbsp; Antes de salir, est\u00e1bamos muy nerviosos y nerviosas. Algunas alumnas llegamos muy pronto al &hellip; <a href=\"https:\/\/cpmendavia.educacion.navarra.es\/web\/blog\/2023\/12\/21\/nos-fuimos-a-patinar\/\">Sigue leyendo <span class=\"meta-nav\">&rarr;<\/span><\/a><\/p>\n","protected":false},"author":1,"featured_media":0,"comment_status":"open","ping_status":"closed","sticky":false,"template":"","format":"standard","meta":[],"categories":[1],"tags":[],"_links":{"self":[{"href":"https:\/\/cpmendavia.educacion.navarra.es\/web\/wp-json\/wp\/v2\/posts\/3234"}],"collection":[{"href":"https:\/\/cpmendavia.educacion.navarra.es\/web\/wp-json\/wp\/v2\/posts"}],"about":[{"href":"https:\/\/cpmendavia.educacion.navarra.es\/web\/wp-json\/wp\/v2\/types\/post"}],"author":[{"embeddable":true,"href":"https:\/\/cpmendavia.educacion.navarra.es\/web\/wp-json\/wp\/v2\/users\/1"}],"replies":[{"embeddable":true,"href":"https:\/\/cpmendavia.educacion.navarra.es\/web\/wp-json\/wp\/v2\/comments?post=3234"}],"version-history":[{"count":1,"href":"https:\/\/cpmendavia.educacion.navarra.es\/web\/wp-json\/wp\/v2\/posts\/3234\/revisions"}],"predecessor-version":[{"id":3235,"href":"https:\/\/cpmendavia.educacion.navarra.es\/web\/wp-json\/wp\/v2\/posts\/3234\/revisions\/3235"}],"wp:attachment":[{"href":"https:\/\/cpmendavia.educacion.navarra.es\/web\/wp-json\/wp\/v2\/media?parent=3234"}],"wp:term":[{"taxonomy":"category","embeddable":true,"href":"https:\/\/cpmendavia.educacion.navarra.es\/web\/wp-json\/wp\/v2\/categories?post=3234"},{"taxonomy":"post_tag","embeddable":true,"href":"https:\/\/cpmendavia.educacion.navarra.es\/web\/wp-json\/wp\/v2\/tags?post=3234"}],"curies":[{"name":"wp","href":"https:\/\/api.w.org\/{rel}","templated":true}]}}