{"id":1851,"date":"2016-11-23T10:01:19","date_gmt":"2016-11-23T09:01:19","guid":{"rendered":"http:\/\/cpmendavia.educacion.navarra.es\/web\/?p=1851"},"modified":"2017-05-24T10:56:41","modified_gmt":"2017-05-24T08:56:41","slug":"dia-contra-la-violencia-de-genero","status":"publish","type":"post","link":"https:\/\/cpmendavia.educacion.navarra.es\/web\/blog\/2016\/11\/23\/dia-contra-la-violencia-de-genero\/","title":{"rendered":"D\u00cdA CONTRA LA VIOLENCIA DE G\u00c9NERO"},"content":{"rendered":"<p style=\"text-align: justify;\"><a href=\"https:\/\/cpmendavia.educacion.navarra.es\/web\/?attachment_id=1852\"><img loading=\"lazy\" class=\"alignleft size-thumbnail wp-image-1852\" src=\"https:\/\/cpmendavia.educacion.navarra.es\/web\/wp-content\/uploads\/2016\/11\/Sin-t\u00edtulo-150x150.jpg\" alt=\"sin-titulo\" width=\"150\" height=\"150\" srcset=\"https:\/\/cpmendavia.educacion.navarra.es\/web\/wp-content\/uploads\/2016\/11\/Sin-t\u00edtulo-150x150.jpg 150w, https:\/\/cpmendavia.educacion.navarra.es\/web\/wp-content\/uploads\/2016\/11\/Sin-t\u00edtulo-300x300.jpg 300w, https:\/\/cpmendavia.educacion.navarra.es\/web\/wp-content\/uploads\/2016\/11\/Sin-t\u00edtulo.jpg 362w\" sizes=\"(max-width: 150px) 100vw, 150px\" \/><\/a>Con motivo de la celebraci\u00f3n el <strong>20 de noviembre<\/strong> del <u>Aniversario de la Convenci\u00f3n de Los Derechos del Ni\u00f1o<\/u> de la OMS y el <strong>25 de noviembre<\/strong> del <u>D\u00eda Internacional contra la Violencia de G\u00e9nero<\/u>,\u00a0estuvimos\u00a0realizando actividades para trabajar con nuestro alumnado h\u00e1bitos y valores de respeto, convivencia e igualdad.<\/p>\n<p><a href=\"https:\/\/www.unicef.es\/infancia\/derechos-del-nino\/dia-internacional-nino\">https:\/\/www.unicef.es\/infancia\/derechos-del-nino\/dia-internacional-nino<\/a><\/p>\n<p style=\"text-align: justify;\"><strong>El d\u00eda 25 de noviembre tuvimos\u00a0<u>chocolate<\/u> con bollo en el recreo para despu\u00e9s acudir a la\u00a0<\/strong><strong>Plaza del Ayuntamiento a una<\/strong>\u00a0<strong><span style=\"color: #000000;\">C<\/span>oncentraci\u00f3n<\/strong> y Acto institucional por el Respeto y la Igualdad de g\u00e9nero.\u00a0Os dejamos unas fotos de todas las actividades:<\/p>\n<p style=\"text-align: justify;\"><a href=\"https:\/\/goo.gl\/photos\/mvQnZypa3kWLq9ac9\" target=\"_blank\" rel=\"noopener noreferrer\"><img loading=\"lazy\" class=\"alignleft size-medium wp-image-1976\" src=\"https:\/\/cpmendavia.educacion.navarra.es\/web\/wp-content\/uploads\/2016\/11\/IMG_4698-Copy-300x200.jpg\" alt=\"\" width=\"300\" height=\"200\" srcset=\"https:\/\/cpmendavia.educacion.navarra.es\/web\/wp-content\/uploads\/2016\/11\/IMG_4698-Copy-300x200.jpg 300w, https:\/\/cpmendavia.educacion.navarra.es\/web\/wp-content\/uploads\/2016\/11\/IMG_4698-Copy-768x512.jpg 768w, https:\/\/cpmendavia.educacion.navarra.es\/web\/wp-content\/uploads\/2016\/11\/IMG_4698-Copy.jpg 962w\" sizes=\"(max-width: 300px) 100vw, 300px\" \/><br \/>\n<\/a><\/p>\n","protected":false},"excerpt":{"rendered":"<p>Con motivo de la celebraci\u00f3n el 20 de noviembre del Aniversario de la Convenci\u00f3n de Los Derechos del Ni\u00f1o de la OMS y el 25 de noviembre del D\u00eda Internacional contra la Violencia de G\u00e9nero,\u00a0estuvimos\u00a0realizando actividades para trabajar con nuestro &hellip; <a href=\"https:\/\/cpmendavia.educacion.navarra.es\/web\/blog\/2016\/11\/23\/dia-contra-la-violencia-de-genero\/\">Sigue leyendo <span class=\"meta-nav\">&rarr;<\/span><\/a><\/p>\n","protected":false},"author":1,"featured_media":0,"comment_status":"open","ping_status":"closed","sticky":false,"template":"","format":"standard","meta":[],"categories":[1],"tags":[],"_links":{"self":[{"href":"https:\/\/cpmendavia.educacion.navarra.es\/web\/wp-json\/wp\/v2\/posts\/1851"}],"collection":[{"href":"https:\/\/cpmendavia.educacion.navarra.es\/web\/wp-json\/wp\/v2\/posts"}],"about":[{"href":"https:\/\/cpmendavia.educacion.navarra.es\/web\/wp-json\/wp\/v2\/types\/post"}],"author":[{"embeddable":true,"href":"https:\/\/cpmendavia.educacion.navarra.es\/web\/wp-json\/wp\/v2\/users\/1"}],"replies":[{"embeddable":true,"href":"https:\/\/cpmendavia.educacion.navarra.es\/web\/wp-json\/wp\/v2\/comments?post=1851"}],"version-history":[{"count":9,"href":"https:\/\/cpmendavia.educacion.navarra.es\/web\/wp-json\/wp\/v2\/posts\/1851\/revisions"}],"predecessor-version":[{"id":1977,"href":"https:\/\/cpmendavia.educacion.navarra.es\/web\/wp-json\/wp\/v2\/posts\/1851\/revisions\/1977"}],"wp:attachment":[{"href":"https:\/\/cpmendavia.educacion.navarra.es\/web\/wp-json\/wp\/v2\/media?parent=1851"}],"wp:term":[{"taxonomy":"category","embeddable":true,"href":"https:\/\/cpmendavia.educacion.navarra.es\/web\/wp-json\/wp\/v2\/categories?post=1851"},{"taxonomy":"post_tag","embeddable":true,"href":"https:\/\/cpmendavia.educacion.navarra.es\/web\/wp-json\/wp\/v2\/tags?post=1851"}],"curies":[{"name":"wp","href":"https:\/\/api.w.org\/{rel}","templated":true}]}}