{"id":1731,"date":"2016-04-20T10:23:08","date_gmt":"2016-04-20T08:23:08","guid":{"rendered":"http:\/\/cpmendavia.educacion.navarra.es\/web\/?p=1731"},"modified":"2016-04-22T10:25:55","modified_gmt":"2016-04-22T08:25:55","slug":"visita-al-ayuntamiento-de-mendavia","status":"publish","type":"post","link":"https:\/\/cpmendavia.educacion.navarra.es\/web\/blog\/2016\/04\/20\/visita-al-ayuntamiento-de-mendavia\/","title":{"rendered":"VISITA AL AYUNTAMIENTO DE MENDAVIA"},"content":{"rendered":"<p style=\"text-align: justify;\">El pasado jueves 14 de abril los alumnos\/as de 3\u00baA y 3\u00baB fuimos a visitar el Ayuntamiento de Mendavia. Ten\u00edamos muchas ganas de visitarlo ya que en clase de Ciencias Sociales est\u00e1bamos trabajando este tema. Una vez all\u00ed Fabiola y Abel nos explicaron amablemente el funcionamiento de la instituci\u00f3n, nos ense\u00f1aron todas las instalaciones y nos presentaron a todo el personal que estaba trabajando. Todos\/as fueron muy amables. \u00a1Nos repartieron caramelos!<\/p>\n<p style=\"text-align: justify;\">Aqu\u00ed os dejamos unas fotos de nuestra visita:<\/p>\n<p style=\"text-align: justify;\">\n<p><embed type=\"application\/x-shockwave-flash\" src=\"https:\/\/photos.gstatic.com\/media\/slideshow.swf\" width=\"600\" height=\"400\" flashvars=\"host=picasaweb.google.com&#038;hl=es&#038;feat=flashalbum&#038;RGB=0x000000&#038;feed=https%3A%2F%2Fpicasaweb.google.com%2Fdata%2Ffeed%2Fapi%2Fuser%2F107093175166431336979%2Falbumid%2F6276282998433583937%3Falt%3Drss%26kind%3Dphoto%26authkey%3DGv1sRgCP_Z3872sszhEg%26hl%3Des\" pluginspage=\"http:\/\/www.macromedia.com\/go\/getflashplayer\"><\/embed><\/p>\n","protected":false},"excerpt":{"rendered":"<p>El pasado jueves 14 de abril los alumnos\/as de 3\u00baA y 3\u00baB fuimos a visitar el Ayuntamiento de Mendavia. Ten\u00edamos muchas ganas de visitarlo ya que en clase de Ciencias Sociales est\u00e1bamos trabajando este tema. Una vez all\u00ed Fabiola y &hellip; <a href=\"https:\/\/cpmendavia.educacion.navarra.es\/web\/blog\/2016\/04\/20\/visita-al-ayuntamiento-de-mendavia\/\">Sigue leyendo <span class=\"meta-nav\">&rarr;<\/span><\/a><\/p>\n","protected":false},"author":1,"featured_media":0,"comment_status":"open","ping_status":"closed","sticky":false,"template":"","format":"standard","meta":[],"categories":[1],"tags":[],"_links":{"self":[{"href":"https:\/\/cpmendavia.educacion.navarra.es\/web\/wp-json\/wp\/v2\/posts\/1731"}],"collection":[{"href":"https:\/\/cpmendavia.educacion.navarra.es\/web\/wp-json\/wp\/v2\/posts"}],"about":[{"href":"https:\/\/cpmendavia.educacion.navarra.es\/web\/wp-json\/wp\/v2\/types\/post"}],"author":[{"embeddable":true,"href":"https:\/\/cpmendavia.educacion.navarra.es\/web\/wp-json\/wp\/v2\/users\/1"}],"replies":[{"embeddable":true,"href":"https:\/\/cpmendavia.educacion.navarra.es\/web\/wp-json\/wp\/v2\/comments?post=1731"}],"version-history":[{"count":1,"href":"https:\/\/cpmendavia.educacion.navarra.es\/web\/wp-json\/wp\/v2\/posts\/1731\/revisions"}],"predecessor-version":[{"id":1732,"href":"https:\/\/cpmendavia.educacion.navarra.es\/web\/wp-json\/wp\/v2\/posts\/1731\/revisions\/1732"}],"wp:attachment":[{"href":"https:\/\/cpmendavia.educacion.navarra.es\/web\/wp-json\/wp\/v2\/media?parent=1731"}],"wp:term":[{"taxonomy":"category","embeddable":true,"href":"https:\/\/cpmendavia.educacion.navarra.es\/web\/wp-json\/wp\/v2\/categories?post=1731"},{"taxonomy":"post_tag","embeddable":true,"href":"https:\/\/cpmendavia.educacion.navarra.es\/web\/wp-json\/wp\/v2\/tags?post=1731"}],"curies":[{"name":"wp","href":"https:\/\/api.w.org\/{rel}","templated":true}]}}