{"id":1698,"date":"2016-02-22T10:23:12","date_gmt":"2016-02-22T09:23:12","guid":{"rendered":"http:\/\/cpmendavia.educacion.navarra.es\/web\/?p=1698"},"modified":"2016-02-26T09:19:24","modified_gmt":"2016-02-26T08:19:24","slug":"planetario-movil","status":"publish","type":"post","link":"https:\/\/cpmendavia.educacion.navarra.es\/web\/blog\/2016\/02\/22\/planetario-movil\/","title":{"rendered":"PLANETARIO M\u00d3VIL"},"content":{"rendered":"<p>Durante esta semana, del 22 al 28 de febrero, se instalar\u00e1 en el centro el planetario m\u00f3vil de La Caixa. Todo el alumnado disfrutar\u00e1 de la proyecci\u00f3n: \u201cLa ni\u00f1a que sabia caminar al rev\u00e9s\u201d. Tiene una duraci\u00f3n de 40 minutos aproximadamente. Desde el centro hemos preparado un horario para acudir a dicha proyecci\u00f3n por clases.<\/p>\n<p>Aqu\u00ed os dejamos el video promocional:<\/p>\n<iframe width=\"640\" height=\"480\" src=\"https:\/\/www.youtube.com\/embed\/emYLmqBdAx0?feature=oembed\" frameborder=\"0\" allowfullscreen><\/iframe>\n","protected":false},"excerpt":{"rendered":"<p>Durante esta semana, del 22 al 28 de febrero, se instalar\u00e1 en el centro el planetario m\u00f3vil de La Caixa. Todo el alumnado disfrutar\u00e1 de la proyecci\u00f3n: \u201cLa ni\u00f1a que sabia caminar al rev\u00e9s\u201d. Tiene una duraci\u00f3n de 40 minutos &hellip; <a href=\"https:\/\/cpmendavia.educacion.navarra.es\/web\/blog\/2016\/02\/22\/planetario-movil\/\">Sigue leyendo <span class=\"meta-nav\">&rarr;<\/span><\/a><\/p>\n","protected":false},"author":1,"featured_media":0,"comment_status":"open","ping_status":"closed","sticky":false,"template":"","format":"standard","meta":[],"categories":[1],"tags":[],"_links":{"self":[{"href":"https:\/\/cpmendavia.educacion.navarra.es\/web\/wp-json\/wp\/v2\/posts\/1698"}],"collection":[{"href":"https:\/\/cpmendavia.educacion.navarra.es\/web\/wp-json\/wp\/v2\/posts"}],"about":[{"href":"https:\/\/cpmendavia.educacion.navarra.es\/web\/wp-json\/wp\/v2\/types\/post"}],"author":[{"embeddable":true,"href":"https:\/\/cpmendavia.educacion.navarra.es\/web\/wp-json\/wp\/v2\/users\/1"}],"replies":[{"embeddable":true,"href":"https:\/\/cpmendavia.educacion.navarra.es\/web\/wp-json\/wp\/v2\/comments?post=1698"}],"version-history":[{"count":2,"href":"https:\/\/cpmendavia.educacion.navarra.es\/web\/wp-json\/wp\/v2\/posts\/1698\/revisions"}],"predecessor-version":[{"id":1704,"href":"https:\/\/cpmendavia.educacion.navarra.es\/web\/wp-json\/wp\/v2\/posts\/1698\/revisions\/1704"}],"wp:attachment":[{"href":"https:\/\/cpmendavia.educacion.navarra.es\/web\/wp-json\/wp\/v2\/media?parent=1698"}],"wp:term":[{"taxonomy":"category","embeddable":true,"href":"https:\/\/cpmendavia.educacion.navarra.es\/web\/wp-json\/wp\/v2\/categories?post=1698"},{"taxonomy":"post_tag","embeddable":true,"href":"https:\/\/cpmendavia.educacion.navarra.es\/web\/wp-json\/wp\/v2\/tags?post=1698"}],"curies":[{"name":"wp","href":"https:\/\/api.w.org\/{rel}","templated":true}]}}