{"id":1689,"date":"2016-02-12T09:29:31","date_gmt":"2016-02-12T08:29:31","guid":{"rendered":"http:\/\/cpmendavia.educacion.navarra.es\/web\/?p=1689"},"modified":"2016-02-12T09:32:35","modified_gmt":"2016-02-12T08:32:35","slug":"carnavales","status":"publish","type":"post","link":"https:\/\/cpmendavia.educacion.navarra.es\/web\/blog\/2016\/02\/12\/carnavales\/","title":{"rendered":"CARNAVALES"},"content":{"rendered":"<p style=\"text-align: justify;\">Antiguamente se dec\u00eda que el carnaval nos anunciaba que el invierno estaba terminado y que pronto llegar\u00eda la primavera y para para despertar a la naturaleza se hacia ruido.<\/p>\n<p style=\"text-align: justify;\">Como estamos en v\u00edsperas de carnaval, en clase\u00a0 hemos estado viendo como celebran los carnavales en otros pueblos y los diferentes personajes que hay en cada uno de ellos.<\/p>\n<p style=\"text-align: justify;\">En Navarra el carnaval se celebra en muchos sitios: Arizkun, Lesaka, Ituren, Mendavia&#8230; pero tambi\u00e9n en otras provincias como \u00c1lava, Zuberoa&#8230;<!--more--><\/p>\n<p style=\"text-align: justify;\">En cada pueblo hay un personaje significativo y hemos aprendido el origen y las vestimentas de cada uno por ejemplo de Markitos, Joaldunak, Atorrak, Zamaltzain, Momoxorroak, Hartza&#8230; Hemos colocado en un mapa a cada personaje en su sitio y escrito una descripci\u00f3n de cada uno.<\/p>\n<p><a href=\"https:\/\/cpmendavia.educacion.navarra.es\/web\/?attachment_id=1690\"><img loading=\"lazy\" class=\"aligncenter size-full wp-image-1690\" src=\"https:\/\/cpmendavia.educacion.navarra.es\/web\/wp-content\/uploads\/2016\/02\/Carnaval-1.jpg\" alt=\"Carnaval 1\" width=\"3264\" height=\"1959\" srcset=\"https:\/\/cpmendavia.educacion.navarra.es\/web\/wp-content\/uploads\/2016\/02\/Carnaval-1.jpg 3264w, https:\/\/cpmendavia.educacion.navarra.es\/web\/wp-content\/uploads\/2016\/02\/Carnaval-1-300x180.jpg 300w, https:\/\/cpmendavia.educacion.navarra.es\/web\/wp-content\/uploads\/2016\/02\/Carnaval-1-768x461.jpg 768w, https:\/\/cpmendavia.educacion.navarra.es\/web\/wp-content\/uploads\/2016\/02\/Carnaval-1-1024x615.jpg 1024w\" sizes=\"(max-width: 3264px) 100vw, 3264px\" \/><\/a><\/p>\n<p style=\"text-align: justify;\">Adem\u00e1s, mediante el cuento de Mielotxin y Ziripot hemos aprendido el origen del carnaval de Lantz. Los alumnos de segundo han hecho a Mielotxin y los de primero han hecho un teatro y para ello han confeccionado estas m\u00e1scaras.<\/p>\n<p><a href=\"https:\/\/cpmendavia.educacion.navarra.es\/web\/?attachment_id=1691\"><img loading=\"lazy\" class=\"aligncenter size-full wp-image-1691\" src=\"https:\/\/cpmendavia.educacion.navarra.es\/web\/wp-content\/uploads\/2016\/02\/Carnaval-2.jpg\" alt=\"Carnaval 2\" width=\"3264\" height=\"1470\" srcset=\"https:\/\/cpmendavia.educacion.navarra.es\/web\/wp-content\/uploads\/2016\/02\/Carnaval-2.jpg 3264w, https:\/\/cpmendavia.educacion.navarra.es\/web\/wp-content\/uploads\/2016\/02\/Carnaval-2-300x135.jpg 300w, https:\/\/cpmendavia.educacion.navarra.es\/web\/wp-content\/uploads\/2016\/02\/Carnaval-2-768x346.jpg 768w, https:\/\/cpmendavia.educacion.navarra.es\/web\/wp-content\/uploads\/2016\/02\/Carnaval-2-1024x461.jpg 1024w\" sizes=\"(max-width: 3264px) 100vw, 3264px\" \/><\/a><\/p>\n","protected":false},"excerpt":{"rendered":"<p>Antiguamente se dec\u00eda que el carnaval nos anunciaba que el invierno estaba terminado y que pronto llegar\u00eda la primavera y para para despertar a la naturaleza se hacia ruido. Como estamos en v\u00edsperas de carnaval, en clase\u00a0 hemos estado viendo &hellip; <a href=\"https:\/\/cpmendavia.educacion.navarra.es\/web\/blog\/2016\/02\/12\/carnavales\/\">Sigue leyendo <span class=\"meta-nav\">&rarr;<\/span><\/a><\/p>\n","protected":false},"author":1,"featured_media":0,"comment_status":"open","ping_status":"closed","sticky":false,"template":"","format":"standard","meta":[],"categories":[1],"tags":[],"_links":{"self":[{"href":"https:\/\/cpmendavia.educacion.navarra.es\/web\/wp-json\/wp\/v2\/posts\/1689"}],"collection":[{"href":"https:\/\/cpmendavia.educacion.navarra.es\/web\/wp-json\/wp\/v2\/posts"}],"about":[{"href":"https:\/\/cpmendavia.educacion.navarra.es\/web\/wp-json\/wp\/v2\/types\/post"}],"author":[{"embeddable":true,"href":"https:\/\/cpmendavia.educacion.navarra.es\/web\/wp-json\/wp\/v2\/users\/1"}],"replies":[{"embeddable":true,"href":"https:\/\/cpmendavia.educacion.navarra.es\/web\/wp-json\/wp\/v2\/comments?post=1689"}],"version-history":[{"count":5,"href":"https:\/\/cpmendavia.educacion.navarra.es\/web\/wp-json\/wp\/v2\/posts\/1689\/revisions"}],"predecessor-version":[{"id":1696,"href":"https:\/\/cpmendavia.educacion.navarra.es\/web\/wp-json\/wp\/v2\/posts\/1689\/revisions\/1696"}],"wp:attachment":[{"href":"https:\/\/cpmendavia.educacion.navarra.es\/web\/wp-json\/wp\/v2\/media?parent=1689"}],"wp:term":[{"taxonomy":"category","embeddable":true,"href":"https:\/\/cpmendavia.educacion.navarra.es\/web\/wp-json\/wp\/v2\/categories?post=1689"},{"taxonomy":"post_tag","embeddable":true,"href":"https:\/\/cpmendavia.educacion.navarra.es\/web\/wp-json\/wp\/v2\/tags?post=1689"}],"curies":[{"name":"wp","href":"https:\/\/api.w.org\/{rel}","templated":true}]}}