{"id":1666,"date":"2016-01-12T12:47:46","date_gmt":"2016-01-12T11:47:46","guid":{"rendered":"http:\/\/cpmendavia.educacion.navarra.es\/web\/?p=1666"},"modified":"2016-01-12T12:51:32","modified_gmt":"2016-01-12T11:51:32","slug":"talleres-navidenos-3","status":"publish","type":"post","link":"https:\/\/cpmendavia.educacion.navarra.es\/web\/blog\/2016\/01\/12\/talleres-navidenos-3\/","title":{"rendered":"TALLERES NAVIDE\u00d1OS"},"content":{"rendered":"<p>Llegan las vacaciones navide\u00f1as.  Con ellas las luces de navidad, los arbolitos, las guirnaldas y los adornos.  Adem\u00e1s el mazap\u00e1n, el turr\u00f3n, los polvorones y el Champagne.   Por ello, como en cursos anteriores, nosotros en la escuela tambi\u00e9n hemos construido nuestros propios adornos navide\u00f1os.  Adem\u00e1s, en 1\u00ba y 2\u00ba, han cocinado unas trufas para chuparse los dedos.<br \/>\n<embed type=\"application\/x-shockwave-flash\" src=\"https:\/\/photos.gstatic.com\/media\/slideshow.swf\" width=\"600\" height=\"400\" flashvars=\"host=picasaweb.google.com&#038;hl=es&#038;feat=flashalbum&#038;RGB=0x000000&#038;feed=https%3A%2F%2Fpicasaweb.google.com%2Fdata%2Ffeed%2Fapi%2Fuser%2F107093175166431336979%2Falbumid%2F6238862126820963521%3Falt%3Drss%26kind%3Dphoto%26authkey%3DGv1sRgCKy1z9zU_-3oAQ%26hl%3Des\" pluginspage=\"http:\/\/www.macromedia.com\/go\/getflashplayer\"><\/embed><\/p>\n<p>\u00a1\u00a1FELIZ A\u00d1O NUEVO A TODO EL MUNDO!!<\/p>\n","protected":false},"excerpt":{"rendered":"<p>Llegan las vacaciones navide\u00f1as. Con ellas las luces de navidad, los arbolitos, las guirnaldas y los adornos. Adem\u00e1s el mazap\u00e1n, el turr\u00f3n, los polvorones y el Champagne. Por ello, como en cursos anteriores, nosotros en la escuela tambi\u00e9n hemos construido &hellip; <a href=\"https:\/\/cpmendavia.educacion.navarra.es\/web\/blog\/2016\/01\/12\/talleres-navidenos-3\/\">Sigue leyendo <span class=\"meta-nav\">&rarr;<\/span><\/a><\/p>\n","protected":false},"author":1,"featured_media":0,"comment_status":"open","ping_status":"closed","sticky":false,"template":"","format":"standard","meta":[],"categories":[1],"tags":[],"_links":{"self":[{"href":"https:\/\/cpmendavia.educacion.navarra.es\/web\/wp-json\/wp\/v2\/posts\/1666"}],"collection":[{"href":"https:\/\/cpmendavia.educacion.navarra.es\/web\/wp-json\/wp\/v2\/posts"}],"about":[{"href":"https:\/\/cpmendavia.educacion.navarra.es\/web\/wp-json\/wp\/v2\/types\/post"}],"author":[{"embeddable":true,"href":"https:\/\/cpmendavia.educacion.navarra.es\/web\/wp-json\/wp\/v2\/users\/1"}],"replies":[{"embeddable":true,"href":"https:\/\/cpmendavia.educacion.navarra.es\/web\/wp-json\/wp\/v2\/comments?post=1666"}],"version-history":[{"count":2,"href":"https:\/\/cpmendavia.educacion.navarra.es\/web\/wp-json\/wp\/v2\/posts\/1666\/revisions"}],"predecessor-version":[{"id":1668,"href":"https:\/\/cpmendavia.educacion.navarra.es\/web\/wp-json\/wp\/v2\/posts\/1666\/revisions\/1668"}],"wp:attachment":[{"href":"https:\/\/cpmendavia.educacion.navarra.es\/web\/wp-json\/wp\/v2\/media?parent=1666"}],"wp:term":[{"taxonomy":"category","embeddable":true,"href":"https:\/\/cpmendavia.educacion.navarra.es\/web\/wp-json\/wp\/v2\/categories?post=1666"},{"taxonomy":"post_tag","embeddable":true,"href":"https:\/\/cpmendavia.educacion.navarra.es\/web\/wp-json\/wp\/v2\/tags?post=1666"}],"curies":[{"name":"wp","href":"https:\/\/api.w.org\/{rel}","templated":true}]}}