{"id":1629,"date":"2015-12-10T10:00:56","date_gmt":"2015-12-10T09:00:56","guid":{"rendered":"http:\/\/cpmendavia.educacion.navarra.es\/web\/?p=1629"},"modified":"2015-12-15T10:55:19","modified_gmt":"2015-12-15T09:55:19","slug":"dia-de-los-habitos-saludables","status":"publish","type":"post","link":"https:\/\/cpmendavia.educacion.navarra.es\/web\/blog\/2015\/12\/10\/dia-de-los-habitos-saludables\/","title":{"rendered":"D\u00cdA DE LOS H\u00c1BITOS SALUDABLES"},"content":{"rendered":"<p>El pasado martes, con motivo del d\u00eda de los <span style=\"color: #99cc00;\"><strong>h\u00e1bitos saludables<\/strong><\/span>, el Colegio organiz\u00f3 una serie de actividades l\u00fadico-deportivas para todo el alumnado. Aqu\u00ed os dejamos unas fotos de algunas de las actividades que se realizaron durante la jornada.<\/p>\n<p><embed type=\"application\/x-shockwave-flash\" src=\"https:\/\/photos.gstatic.com\/media\/slideshow.swf\" width=\"600\" height=\"400\" flashvars=\"host=picasaweb.google.com&#038;hl=es&#038;feat=flashalbum&#038;RGB=0x000000&#038;feed=https%3A%2F%2Fpicasaweb.google.com%2Fdata%2Ffeed%2Fapi%2Fuser%2F107093175166431336979%2Falbumid%2F6226259332659483521%3Falt%3Drss%26kind%3Dphoto%26authkey%3DGv1sRgCJvAp9mH4-TeGQ%26hl%3Des\" pluginspage=\"http:\/\/www.macromedia.com\/go\/getflashplayer\"><\/embed><\/p>\n","protected":false},"excerpt":{"rendered":"<p>El pasado martes, con motivo del d\u00eda de los h\u00e1bitos saludables, el Colegio organiz\u00f3 una serie de actividades l\u00fadico-deportivas para todo el alumnado. Aqu\u00ed os dejamos unas fotos de algunas de las actividades que se realizaron durante la jornada.<\/p>\n","protected":false},"author":1,"featured_media":0,"comment_status":"open","ping_status":"closed","sticky":false,"template":"","format":"standard","meta":[],"categories":[1],"tags":[],"_links":{"self":[{"href":"https:\/\/cpmendavia.educacion.navarra.es\/web\/wp-json\/wp\/v2\/posts\/1629"}],"collection":[{"href":"https:\/\/cpmendavia.educacion.navarra.es\/web\/wp-json\/wp\/v2\/posts"}],"about":[{"href":"https:\/\/cpmendavia.educacion.navarra.es\/web\/wp-json\/wp\/v2\/types\/post"}],"author":[{"embeddable":true,"href":"https:\/\/cpmendavia.educacion.navarra.es\/web\/wp-json\/wp\/v2\/users\/1"}],"replies":[{"embeddable":true,"href":"https:\/\/cpmendavia.educacion.navarra.es\/web\/wp-json\/wp\/v2\/comments?post=1629"}],"version-history":[{"count":6,"href":"https:\/\/cpmendavia.educacion.navarra.es\/web\/wp-json\/wp\/v2\/posts\/1629\/revisions"}],"predecessor-version":[{"id":1640,"href":"https:\/\/cpmendavia.educacion.navarra.es\/web\/wp-json\/wp\/v2\/posts\/1629\/revisions\/1640"}],"wp:attachment":[{"href":"https:\/\/cpmendavia.educacion.navarra.es\/web\/wp-json\/wp\/v2\/media?parent=1629"}],"wp:term":[{"taxonomy":"category","embeddable":true,"href":"https:\/\/cpmendavia.educacion.navarra.es\/web\/wp-json\/wp\/v2\/categories?post=1629"},{"taxonomy":"post_tag","embeddable":true,"href":"https:\/\/cpmendavia.educacion.navarra.es\/web\/wp-json\/wp\/v2\/tags?post=1629"}],"curies":[{"name":"wp","href":"https:\/\/api.w.org\/{rel}","templated":true}]}}