{"id":1474,"date":"2015-05-19T01:06:46","date_gmt":"2015-05-18T23:06:46","guid":{"rendered":"http:\/\/cpmendavia.educacion.navarra.es\/web\/?p=1474"},"modified":"2015-05-20T20:17:38","modified_gmt":"2015-05-20T18:17:38","slug":"semana-azul_lunes","status":"publish","type":"post","link":"https:\/\/cpmendavia.educacion.navarra.es\/web\/blog\/2015\/05\/19\/semana-azul_lunes\/","title":{"rendered":"SEMANA AZUL_LUNES"},"content":{"rendered":"<p>Hoy ha comenzado nuestra Semana Azul en el Pantano de Alloz. Un d\u00eda genial en el que, adem\u00e1s de acompa\u00f1arnos el sol y el viento, hemos tenido nuestro primer contacto con la navegaci\u00f3n a vela. Un taller de nudos, una buena cena y unos juegos nocturnos han completado las actividades de hoy. Ma\u00f1ana m\u00e1s emociones. Mientras, pod\u00e9is echar un vistazo a algunas fotos.<br \/>\n<embed type=\"application\/x-shockwave-flash\" src=\"https:\/\/photos.gstatic.com\/media\/slideshow.swf\" width=\"600\" height=\"400\" flashvars=\"host=picasaweb.google.com&#038;hl=es&#038;feat=flashalbum&#038;RGB=0x000000&#038;feed=https%3A%2F%2Fpicasaweb.google.com%2Fdata%2Ffeed%2Fapi%2Fuser%2F107093175166431336979%2Falbumid%2F6150349860011095921%3Falt%3Drss%26kind%3Dphoto%26hl%3Des\" pluginspage=\"http:\/\/www.macromedia.com\/go\/getflashplayer\"><\/embed><\/p>\n","protected":false},"excerpt":{"rendered":"<p>Hoy ha comenzado nuestra Semana Azul en el Pantano de Alloz. Un d\u00eda genial en el que, adem\u00e1s de acompa\u00f1arnos el sol y el viento, hemos tenido nuestro primer contacto con la navegaci\u00f3n a vela. Un taller de nudos, una &hellip; <a href=\"https:\/\/cpmendavia.educacion.navarra.es\/web\/blog\/2015\/05\/19\/semana-azul_lunes\/\">Sigue leyendo <span class=\"meta-nav\">&rarr;<\/span><\/a><\/p>\n","protected":false},"author":1,"featured_media":0,"comment_status":"open","ping_status":"closed","sticky":false,"template":"","format":"standard","meta":[],"categories":[1],"tags":[],"_links":{"self":[{"href":"https:\/\/cpmendavia.educacion.navarra.es\/web\/wp-json\/wp\/v2\/posts\/1474"}],"collection":[{"href":"https:\/\/cpmendavia.educacion.navarra.es\/web\/wp-json\/wp\/v2\/posts"}],"about":[{"href":"https:\/\/cpmendavia.educacion.navarra.es\/web\/wp-json\/wp\/v2\/types\/post"}],"author":[{"embeddable":true,"href":"https:\/\/cpmendavia.educacion.navarra.es\/web\/wp-json\/wp\/v2\/users\/1"}],"replies":[{"embeddable":true,"href":"https:\/\/cpmendavia.educacion.navarra.es\/web\/wp-json\/wp\/v2\/comments?post=1474"}],"version-history":[{"count":6,"href":"https:\/\/cpmendavia.educacion.navarra.es\/web\/wp-json\/wp\/v2\/posts\/1474\/revisions"}],"predecessor-version":[{"id":1480,"href":"https:\/\/cpmendavia.educacion.navarra.es\/web\/wp-json\/wp\/v2\/posts\/1474\/revisions\/1480"}],"wp:attachment":[{"href":"https:\/\/cpmendavia.educacion.navarra.es\/web\/wp-json\/wp\/v2\/media?parent=1474"}],"wp:term":[{"taxonomy":"category","embeddable":true,"href":"https:\/\/cpmendavia.educacion.navarra.es\/web\/wp-json\/wp\/v2\/categories?post=1474"},{"taxonomy":"post_tag","embeddable":true,"href":"https:\/\/cpmendavia.educacion.navarra.es\/web\/wp-json\/wp\/v2\/tags?post=1474"}],"curies":[{"name":"wp","href":"https:\/\/api.w.org\/{rel}","templated":true}]}}