{"id":1412,"date":"2015-03-18T13:24:34","date_gmt":"2015-03-18T12:24:34","guid":{"rendered":"http:\/\/cpmendavia.educacion.navarra.es\/web\/?p=1412"},"modified":"2015-03-24T08:50:27","modified_gmt":"2015-03-24T07:50:27","slug":"eclipse-parcial-solar-del-20-de-marzo","status":"publish","type":"post","link":"https:\/\/cpmendavia.educacion.navarra.es\/web\/blog\/2015\/03\/18\/eclipse-parcial-solar-del-20-de-marzo\/","title":{"rendered":"ECLIPSE PARCIAL SOLAR DEL VIERNES 20 DE MARZO"},"content":{"rendered":"<p style=\"text-align: justify;\"><a href=\"https:\/\/cpmendavia.educacion.navarra.es\/web\/wp-content\/uploads\/2015\/03\/solarEclipse_Pamplona_2015-03-20.png\"><img loading=\"lazy\" class=\"alignleft  wp-image-1413\" src=\"https:\/\/cpmendavia.educacion.navarra.es\/web\/wp-content\/uploads\/2015\/03\/solarEclipse_Pamplona_2015-03-20.png\" alt=\"solarEclipse_Pamplona_2015-03-20\" width=\"351\" height=\"263\" srcset=\"https:\/\/cpmendavia.educacion.navarra.es\/web\/wp-content\/uploads\/2015\/03\/solarEclipse_Pamplona_2015-03-20.png 1200w, https:\/\/cpmendavia.educacion.navarra.es\/web\/wp-content\/uploads\/2015\/03\/solarEclipse_Pamplona_2015-03-20-300x225.png 300w, https:\/\/cpmendavia.educacion.navarra.es\/web\/wp-content\/uploads\/2015\/03\/solarEclipse_Pamplona_2015-03-20-1024x768.png 1024w\" sizes=\"(max-width: 351px) 100vw, 351px\" \/><\/a>En la ma\u00f1ana de este viernes 20 de marzo de 2015 se producir\u00e1 un <strong>eclipse de Sol<\/strong> que ser\u00e1 observable desde todo Navarra.<!--more--><\/p>\n<p style=\"text-align: justify;\">Desde el colegio os dejamos unos enlaces que os proporcionar\u00e1n informaci\u00f3n sobre el tema. \u00a0<span style=\"text-decoration: underline;\">Como sab\u00e9is, la seguridad para vuestra vista a la hora de observar estos fen\u00f3menos solares es muy importante, as\u00ed que seguid los consejos de los enlaces referidos a ello. \u00a0<\/span><br \/>\nEsperemos que las nubes previstas para ese d\u00eda nos dejen echar un vistazo al cielo.<\/p>\n<p style=\"text-align: justify;\">Os dejamos estos enlaces a la web del<span style=\"color: #ff0000;\"> <strong><span style=\"text-decoration: underline;\"><span style=\"color: #ff0000;\">PLANETARIO DE PAMPLONA<\/span><\/span><\/strong><\/span>\u00a0con informaci\u00f3n muy interesante:<\/p>\n<ul>\n<li><a href=\"http:\/\/pamplonetario.org\/2015\/03\/eclipse-de-sol-el-20-de-marzo-de-2015\/\"><strong>El eclipse del 20 de marzo de 2015<\/strong>: datos y curiosidades de todo tipo<\/a><\/li>\n<li><a href=\"http:\/\/pamplonetario.org\/2015\/03\/eclipse-de-sol-el-20-de-marzo-de-2015\/#observa\"><strong>C\u00f3mo observar de manera segura un eclipse de Sol<\/strong>: recomendaciones que debes tener en cuenta<\/a><\/li>\n<li><strong><a title=\"enlaces y retransmisiones #eclipse20m\" href=\"http:\/\/pamplonetario.org\/2015\/03\/eclipse20m-enlaces-y-retransmisiones\/\">Enlaces y retransmisiones del eclipse del 20 de marzo de 2015<\/a><\/strong><\/li>\n<li><a title=\"#eclipse20M en la historia de las historias\" href=\"http:\/\/pamplonetario.org\/2015\/03\/eclipses-en-la-historia-eclipse20m\/\"><strong>Eclipses en la historia<\/strong><\/a><\/li>\n<\/ul>\n","protected":false},"excerpt":{"rendered":"<p>En la ma\u00f1ana de este viernes 20 de marzo de 2015 se producir\u00e1 un eclipse de Sol que ser\u00e1 observable desde todo Navarra.<\/p>\n","protected":false},"author":1,"featured_media":0,"comment_status":"open","ping_status":"closed","sticky":false,"template":"","format":"standard","meta":[],"categories":[1],"tags":[],"_links":{"self":[{"href":"https:\/\/cpmendavia.educacion.navarra.es\/web\/wp-json\/wp\/v2\/posts\/1412"}],"collection":[{"href":"https:\/\/cpmendavia.educacion.navarra.es\/web\/wp-json\/wp\/v2\/posts"}],"about":[{"href":"https:\/\/cpmendavia.educacion.navarra.es\/web\/wp-json\/wp\/v2\/types\/post"}],"author":[{"embeddable":true,"href":"https:\/\/cpmendavia.educacion.navarra.es\/web\/wp-json\/wp\/v2\/users\/1"}],"replies":[{"embeddable":true,"href":"https:\/\/cpmendavia.educacion.navarra.es\/web\/wp-json\/wp\/v2\/comments?post=1412"}],"version-history":[{"count":3,"href":"https:\/\/cpmendavia.educacion.navarra.es\/web\/wp-json\/wp\/v2\/posts\/1412\/revisions"}],"predecessor-version":[{"id":1419,"href":"https:\/\/cpmendavia.educacion.navarra.es\/web\/wp-json\/wp\/v2\/posts\/1412\/revisions\/1419"}],"wp:attachment":[{"href":"https:\/\/cpmendavia.educacion.navarra.es\/web\/wp-json\/wp\/v2\/media?parent=1412"}],"wp:term":[{"taxonomy":"category","embeddable":true,"href":"https:\/\/cpmendavia.educacion.navarra.es\/web\/wp-json\/wp\/v2\/categories?post=1412"},{"taxonomy":"post_tag","embeddable":true,"href":"https:\/\/cpmendavia.educacion.navarra.es\/web\/wp-json\/wp\/v2\/tags?post=1412"}],"curies":[{"name":"wp","href":"https:\/\/api.w.org\/{rel}","templated":true}]}}