{"id":1405,"date":"2015-03-09T09:22:27","date_gmt":"2015-03-09T08:22:27","guid":{"rendered":"http:\/\/cpmendavia.educacion.navarra.es\/web\/?p=1405"},"modified":"2015-03-09T09:23:14","modified_gmt":"2015-03-09T08:23:14","slug":"8-de-marzo-dia-de-la-mujer","status":"publish","type":"post","link":"https:\/\/cpmendavia.educacion.navarra.es\/web\/blog\/2015\/03\/09\/8-de-marzo-dia-de-la-mujer\/","title":{"rendered":"8 DE MARZO, D\u00cdA DE LA MUJER"},"content":{"rendered":"<p>El D\u00eda Internacional de la Mujer, originalmente llamado D\u00eda Internacional de la Mujer Trabajadora, conmemora la lucha de la mujer por su participaci\u00f3n, en pie de igualdad con el hombre, en la sociedad y en su desarrollo \u00edntegro como persona. Se celebra el d\u00eda 8 de marzo. Es fiesta nacional en algunos pa\u00edses.<\/p>\n<p><img loading=\"lazy\" class=\" alignleft\" src=\"http:\/\/www.separadasydivorciadas.org\/wordpress\/wp-content\/uploads\/2015\/03\/mujermagen-del-cartel-8-de-marzo.jpg\" alt=\"\" width=\"286\" height=\"203\" \/>La primera celebraci\u00f3n del D\u00eda Internacional de la Mujer Trabajadora tuvo lugar el 19 de marzo 1911 en Alemania, Austria, Dinamarca y Suiza, y su conmemoraci\u00f3n se ha venido extendiendo, desde entonces, a numerosos pa\u00edses. En 1977, la Asamblea General de la Organizaci\u00f3n de las Naciones Unidas (ONU) proclam\u00f3 el 8 de marzo como D\u00eda Internacional por los Derechos de la Mujer y la Paz Internacional.<\/p>\n<p>Fuente: \u00a0<a href=\"http:\/\/es.wikipedia.org\/wiki\/D%C3%ADa_Internacional_de_la_Mujer\">http:\/\/es.wikipedia.org\/wiki\/D%C3%ADa_Internacional_de_la_Mujer<\/a><\/p>\n","protected":false},"excerpt":{"rendered":"<p>El D\u00eda Internacional de la Mujer, originalmente llamado D\u00eda Internacional de la Mujer Trabajadora, conmemora la lucha de la mujer por su participaci\u00f3n, en pie de igualdad con el hombre, en la sociedad y en su desarrollo \u00edntegro como persona. &hellip; <a href=\"https:\/\/cpmendavia.educacion.navarra.es\/web\/blog\/2015\/03\/09\/8-de-marzo-dia-de-la-mujer\/\">Sigue leyendo <span class=\"meta-nav\">&rarr;<\/span><\/a><\/p>\n","protected":false},"author":1,"featured_media":0,"comment_status":"open","ping_status":"closed","sticky":false,"template":"","format":"standard","meta":[],"categories":[1],"tags":[],"_links":{"self":[{"href":"https:\/\/cpmendavia.educacion.navarra.es\/web\/wp-json\/wp\/v2\/posts\/1405"}],"collection":[{"href":"https:\/\/cpmendavia.educacion.navarra.es\/web\/wp-json\/wp\/v2\/posts"}],"about":[{"href":"https:\/\/cpmendavia.educacion.navarra.es\/web\/wp-json\/wp\/v2\/types\/post"}],"author":[{"embeddable":true,"href":"https:\/\/cpmendavia.educacion.navarra.es\/web\/wp-json\/wp\/v2\/users\/1"}],"replies":[{"embeddable":true,"href":"https:\/\/cpmendavia.educacion.navarra.es\/web\/wp-json\/wp\/v2\/comments?post=1405"}],"version-history":[{"count":3,"href":"https:\/\/cpmendavia.educacion.navarra.es\/web\/wp-json\/wp\/v2\/posts\/1405\/revisions"}],"predecessor-version":[{"id":1408,"href":"https:\/\/cpmendavia.educacion.navarra.es\/web\/wp-json\/wp\/v2\/posts\/1405\/revisions\/1408"}],"wp:attachment":[{"href":"https:\/\/cpmendavia.educacion.navarra.es\/web\/wp-json\/wp\/v2\/media?parent=1405"}],"wp:term":[{"taxonomy":"category","embeddable":true,"href":"https:\/\/cpmendavia.educacion.navarra.es\/web\/wp-json\/wp\/v2\/categories?post=1405"},{"taxonomy":"post_tag","embeddable":true,"href":"https:\/\/cpmendavia.educacion.navarra.es\/web\/wp-json\/wp\/v2\/tags?post=1405"}],"curies":[{"name":"wp","href":"https:\/\/api.w.org\/{rel}","templated":true}]}}