{"id":1317,"date":"2014-12-16T23:11:04","date_gmt":"2014-12-16T22:11:04","guid":{"rendered":"http:\/\/cpmendavia.educacion.navarra.es\/web\/?p=1317"},"modified":"2014-12-18T16:31:26","modified_gmt":"2014-12-18T15:31:26","slug":"talleres-navidenos","status":"publish","type":"post","link":"https:\/\/cpmendavia.educacion.navarra.es\/web\/blog\/2014\/12\/16\/talleres-navidenos\/","title":{"rendered":"TALLERES NAVIDE\u00d1OS"},"content":{"rendered":"<p style=\"text-align: justify;\">El pr\u00f3ximo viernes 19 de diciembre, \u00faltimo d\u00eda de este primer trimestre escolar, elaboraremos en las aulas adornos navide\u00f1os para colocar en nuestras casas durante estas fechas. \u00a0 Adem\u00e1s cantaremos villancicos y almorzaremos bollos con chocolate a la taza.<\/p>\n<p><!--more--><\/p>\n<p><a href=\"https:\/\/cpmendavia.educacion.navarra.es\/web\/wp-content\/uploads\/2014\/12\/arbol-navidad.jpg\"><img loading=\"lazy\" class=\"wp-image-1318 alignleft\" src=\"https:\/\/cpmendavia.educacion.navarra.es\/web\/wp-content\/uploads\/2014\/12\/arbol-navidad.jpg\" alt=\"arbol navidad\" width=\"214\" height=\"134\" srcset=\"https:\/\/cpmendavia.educacion.navarra.es\/web\/wp-content\/uploads\/2014\/12\/arbol-navidad.jpg 1920w, https:\/\/cpmendavia.educacion.navarra.es\/web\/wp-content\/uploads\/2014\/12\/arbol-navidad-300x187.jpg 300w, https:\/\/cpmendavia.educacion.navarra.es\/web\/wp-content\/uploads\/2014\/12\/arbol-navidad-1024x640.jpg 1024w\" sizes=\"(max-width: 214px) 100vw, 214px\" \/><\/a><a href=\"https:\/\/cpmendavia.educacion.navarra.es\/web\/wp-content\/uploads\/2014\/12\/chocolate-navide\u00f1o.jpg\"><img loading=\"lazy\" class=\"wp-image-1319 alignleft\" src=\"https:\/\/cpmendavia.educacion.navarra.es\/web\/wp-content\/uploads\/2014\/12\/chocolate-navide\u00f1o.jpg\" alt=\"chocolate navide\u00f1o\" width=\"181\" height=\"181\" srcset=\"https:\/\/cpmendavia.educacion.navarra.es\/web\/wp-content\/uploads\/2014\/12\/chocolate-navide\u00f1o.jpg 400w, https:\/\/cpmendavia.educacion.navarra.es\/web\/wp-content\/uploads\/2014\/12\/chocolate-navide\u00f1o-150x150.jpg 150w, https:\/\/cpmendavia.educacion.navarra.es\/web\/wp-content\/uploads\/2014\/12\/chocolate-navide\u00f1o-300x300.jpg 300w\" sizes=\"(max-width: 181px) 100vw, 181px\" \/><\/a><\/p>\n","protected":false},"excerpt":{"rendered":"<p>El pr\u00f3ximo viernes 19 de diciembre, \u00faltimo d\u00eda de este primer trimestre escolar, elaboraremos en las aulas adornos navide\u00f1os para colocar en nuestras casas durante estas fechas. \u00a0 Adem\u00e1s cantaremos villancicos y almorzaremos bollos con chocolate a la taza.<\/p>\n","protected":false},"author":1,"featured_media":0,"comment_status":"open","ping_status":"closed","sticky":false,"template":"","format":"standard","meta":[],"categories":[1],"tags":[],"_links":{"self":[{"href":"https:\/\/cpmendavia.educacion.navarra.es\/web\/wp-json\/wp\/v2\/posts\/1317"}],"collection":[{"href":"https:\/\/cpmendavia.educacion.navarra.es\/web\/wp-json\/wp\/v2\/posts"}],"about":[{"href":"https:\/\/cpmendavia.educacion.navarra.es\/web\/wp-json\/wp\/v2\/types\/post"}],"author":[{"embeddable":true,"href":"https:\/\/cpmendavia.educacion.navarra.es\/web\/wp-json\/wp\/v2\/users\/1"}],"replies":[{"embeddable":true,"href":"https:\/\/cpmendavia.educacion.navarra.es\/web\/wp-json\/wp\/v2\/comments?post=1317"}],"version-history":[{"count":3,"href":"https:\/\/cpmendavia.educacion.navarra.es\/web\/wp-json\/wp\/v2\/posts\/1317\/revisions"}],"predecessor-version":[{"id":1328,"href":"https:\/\/cpmendavia.educacion.navarra.es\/web\/wp-json\/wp\/v2\/posts\/1317\/revisions\/1328"}],"wp:attachment":[{"href":"https:\/\/cpmendavia.educacion.navarra.es\/web\/wp-json\/wp\/v2\/media?parent=1317"}],"wp:term":[{"taxonomy":"category","embeddable":true,"href":"https:\/\/cpmendavia.educacion.navarra.es\/web\/wp-json\/wp\/v2\/categories?post=1317"},{"taxonomy":"post_tag","embeddable":true,"href":"https:\/\/cpmendavia.educacion.navarra.es\/web\/wp-json\/wp\/v2\/tags?post=1317"}],"curies":[{"name":"wp","href":"https:\/\/api.w.org\/{rel}","templated":true}]}}