{"id":873,"date":"2013-09-16T09:00:59","date_gmt":"2013-09-16T09:00:59","guid":{"rendered":"http:\/\/cpmendavia.educacion.navarra.es\/web\/musica\/?p=873"},"modified":"2016-07-05T20:16:43","modified_gmt":"2016-07-05T20:16:43","slug":"ratpenat","status":"publish","type":"post","link":"https:\/\/cpmendavia.educacion.navarra.es\/web\/musica\/2013\/09\/16\/ratpenat\/","title":{"rendered":"RATPENAT"},"content":{"rendered":"<p>Aqu\u00ed os dejo la primera partitura que vamos a trabajar este trimestre a dos voces con la flauta. Se trata de una canci\u00f3n popular alemana. Ten\u00e9is hasta las notas puestas para que os resulte m\u00e1s f\u00e1cil su lectura.<\/p>\n<p>Ahora toca \u00a1ensayar!<\/p>\n<p>Pod\u00e9is ver la partitura m\u00e1s grande haciendo clic sobre ella. Si pinch\u00e1is en play de la partitura de abajo pod\u00e9is escuchar c\u00f3mo suena a dos voces.<\/p>\n<p><a href=\"https:\/\/cpmendavia.educacion.navarra.es\/web\/musica\/files\/2013\/07\/ratpenat.png\"><img loading=\"lazy\" class=\"size-full wp-image-874 aligncenter\" src=\"https:\/\/cpmendavia.educacion.navarra.es\/web\/musica\/files\/2013\/07\/ratpenat.png\" alt=\"ratpenat\" width=\"645\" height=\"398\" srcset=\"https:\/\/cpmendavia.educacion.navarra.es\/web\/musica\/files\/2013\/07\/ratpenat.png 645w, https:\/\/cpmendavia.educacion.navarra.es\/web\/musica\/files\/2013\/07\/ratpenat-300x185.png 300w, https:\/\/cpmendavia.educacion.navarra.es\/web\/musica\/files\/2013\/07\/ratpenat-486x300.png 486w\" sizes=\"(max-width: 645px) 100vw, 645px\" \/><\/a><\/p>\n<p>&nbsp;<\/p>\n<p style=\"text-align: center;\"><a href=\"http:\/\/partyflauta.docentestic.es\/ratpenat.swf\"><img loading=\"lazy\" class=\"size-full wp-image-1045 aligncenter\" src=\"https:\/\/cpmendavia.educacion.navarra.es\/web\/musica\/files\/2013\/09\/partitura-Ratpenat-copia.jpg\" alt=\"partitura Ratpenat copia\" width=\"454\" height=\"241\" srcset=\"https:\/\/cpmendavia.educacion.navarra.es\/web\/musica\/files\/2013\/09\/partitura-Ratpenat-copia.jpg 454w, https:\/\/cpmendavia.educacion.navarra.es\/web\/musica\/files\/2013\/09\/partitura-Ratpenat-copia-300x159.jpg 300w\" sizes=\"(max-width: 454px) 100vw, 454px\" \/><\/a><\/p>\n<p style=\"text-align: center;\"><a href=\"https:\/\/cpmendavia.educacion.navarra.es\/web\/musica\/2014\/06\/20\/felices-vacaciones-a-todos\/musical-notes\/\"><img loading=\"lazy\" class=\"wp-image-1708 aligncenter\" src=\"https:\/\/cpmendavia.educacion.navarra.es\/web\/musica\/files\/2014\/06\/musical-notes.jpg\" alt=\"musical-notes\" width=\"358\" height=\"135\" srcset=\"https:\/\/cpmendavia.educacion.navarra.es\/web\/musica\/files\/2014\/06\/musical-notes.jpg 1920w, https:\/\/cpmendavia.educacion.navarra.es\/web\/musica\/files\/2014\/06\/musical-notes-300x113.jpg 300w, https:\/\/cpmendavia.educacion.navarra.es\/web\/musica\/files\/2014\/06\/musical-notes-768x290.jpg 768w, https:\/\/cpmendavia.educacion.navarra.es\/web\/musica\/files\/2014\/06\/musical-notes-1024x386.jpg 1024w\" sizes=\"(max-width: 358px) 100vw, 358px\" \/><\/a><\/p>\n","protected":false},"excerpt":{"rendered":"<p>Aqu\u00ed os dejo la primera partitura que vamos a trabajar este trimestre a dos voces con la flauta. Se trata de una canci\u00f3n popular alemana. Ten\u00e9is hasta las notas puestas para que os resulte m\u00e1s f\u00e1cil su lectura. Ahora toca \u00a1ensayar! Pod\u00e9is ver la partitura m\u00e1s grande haciendo clic sobre ella. Si pinch\u00e1is en play &hellip; <\/p>\n<p><a class=\"more-link btn\" href=\"https:\/\/cpmendavia.educacion.navarra.es\/web\/musica\/2013\/09\/16\/ratpenat\/\">Continue reading<\/a><\/p>\n","protected":false},"author":14,"featured_media":0,"comment_status":"open","ping_status":"open","sticky":false,"template":"","format":"standard","meta":[],"categories":[23,8],"tags":[],"_links":{"self":[{"href":"https:\/\/cpmendavia.educacion.navarra.es\/web\/musica\/wp-json\/wp\/v2\/posts\/873"}],"collection":[{"href":"https:\/\/cpmendavia.educacion.navarra.es\/web\/musica\/wp-json\/wp\/v2\/posts"}],"about":[{"href":"https:\/\/cpmendavia.educacion.navarra.es\/web\/musica\/wp-json\/wp\/v2\/types\/post"}],"author":[{"embeddable":true,"href":"https:\/\/cpmendavia.educacion.navarra.es\/web\/musica\/wp-json\/wp\/v2\/users\/14"}],"replies":[{"embeddable":true,"href":"https:\/\/cpmendavia.educacion.navarra.es\/web\/musica\/wp-json\/wp\/v2\/comments?post=873"}],"version-history":[{"count":18,"href":"https:\/\/cpmendavia.educacion.navarra.es\/web\/musica\/wp-json\/wp\/v2\/posts\/873\/revisions"}],"predecessor-version":[{"id":1837,"href":"https:\/\/cpmendavia.educacion.navarra.es\/web\/musica\/wp-json\/wp\/v2\/posts\/873\/revisions\/1837"}],"wp:attachment":[{"href":"https:\/\/cpmendavia.educacion.navarra.es\/web\/musica\/wp-json\/wp\/v2\/media?parent=873"}],"wp:term":[{"taxonomy":"category","embeddable":true,"href":"https:\/\/cpmendavia.educacion.navarra.es\/web\/musica\/wp-json\/wp\/v2\/categories?post=873"},{"taxonomy":"post_tag","embeddable":true,"href":"https:\/\/cpmendavia.educacion.navarra.es\/web\/musica\/wp-json\/wp\/v2\/tags?post=873"}],"curies":[{"name":"wp","href":"https:\/\/api.w.org\/{rel}","templated":true}]}}