{"id":617,"date":"2013-03-08T17:35:37","date_gmt":"2013-03-08T17:35:37","guid":{"rendered":"http:\/\/cpmendavia.educacion.navarra.es\/web\/musica\/?p=617"},"modified":"2016-07-05T15:41:04","modified_gmt":"2016-07-05T15:41:04","slug":"617","status":"publish","type":"post","link":"https:\/\/cpmendavia.educacion.navarra.es\/web\/musica\/2013\/03\/08\/617\/","title":{"rendered":"LOS MENDIGOS"},"content":{"rendered":"<p>Os dejo para los alumnos de 5\u00ba\u00a0 la partitura para flauta del tema de los mendigos de la obra en\u00a0 \u00abEn un mercado Persa\u00bb, de Albert Ketelbey para que la pod\u00e1is practicar. \u00a1\u00c1NIMO!<\/p>\n<p><a href=\"http:\/\/octavisoler.wix.com\/mercadopersa\"><img loading=\"lazy\" class=\"alignnone size-full wp-image-631\" src=\"https:\/\/cpmendavia.educacion.navarra.es\/web\/musica\/files\/2013\/03\/en-un-mercado-persa.jpg\" alt=\"en un mercado persa\" width=\"897\" height=\"576\" srcset=\"https:\/\/cpmendavia.educacion.navarra.es\/web\/musica\/files\/2013\/03\/en-un-mercado-persa.jpg 897w, https:\/\/cpmendavia.educacion.navarra.es\/web\/musica\/files\/2013\/03\/en-un-mercado-persa-300x192.jpg 300w, https:\/\/cpmendavia.educacion.navarra.es\/web\/musica\/files\/2013\/03\/en-un-mercado-persa-467x300.jpg 467w\" sizes=\"(max-width: 897px) 100vw, 897px\" \/><\/a><\/p>\n<p>Os dejo tambi\u00e9n en el men\u00fa \u00abgaler\u00eda v\u00eddeos\u00bb, un v\u00eddeo en el que pod\u00e9is escucha esta obra entera.<\/p>\n<p>&nbsp;<\/p>\n<p><a href=\"https:\/\/cpmendavia.educacion.navarra.es\/web\/musica\/files\/2014\/06\/musical-notes.jpg\"><img loading=\"lazy\" class=\"alignnone size-medium wp-image-1708\" src=\"https:\/\/cpmendavia.educacion.navarra.es\/web\/musica\/files\/2014\/06\/musical-notes-300x113.jpg\" alt=\"musical-notes\" width=\"300\" height=\"113\" srcset=\"https:\/\/cpmendavia.educacion.navarra.es\/web\/musica\/files\/2014\/06\/musical-notes-300x113.jpg 300w, https:\/\/cpmendavia.educacion.navarra.es\/web\/musica\/files\/2014\/06\/musical-notes-768x290.jpg 768w, https:\/\/cpmendavia.educacion.navarra.es\/web\/musica\/files\/2014\/06\/musical-notes-1024x386.jpg 1024w, https:\/\/cpmendavia.educacion.navarra.es\/web\/musica\/files\/2014\/06\/musical-notes.jpg 1920w\" sizes=\"(max-width: 300px) 100vw, 300px\" \/><\/a><\/p>\n","protected":false},"excerpt":{"rendered":"<p>Os dejo para los alumnos de 5\u00ba\u00a0 la partitura para flauta del tema de los mendigos de la obra en\u00a0 \u00abEn un mercado Persa\u00bb, de Albert Ketelbey para que la pod\u00e1is practicar. \u00a1\u00c1NIMO! Os dejo tambi\u00e9n en el men\u00fa \u00abgaler\u00eda v\u00eddeos\u00bb, un v\u00eddeo en el que pod\u00e9is escucha esta obra entera. &nbsp;<\/p>\n","protected":false},"author":14,"featured_media":0,"comment_status":"open","ping_status":"open","sticky":false,"template":"","format":"standard","meta":[],"categories":[15],"tags":[],"_links":{"self":[{"href":"https:\/\/cpmendavia.educacion.navarra.es\/web\/musica\/wp-json\/wp\/v2\/posts\/617"}],"collection":[{"href":"https:\/\/cpmendavia.educacion.navarra.es\/web\/musica\/wp-json\/wp\/v2\/posts"}],"about":[{"href":"https:\/\/cpmendavia.educacion.navarra.es\/web\/musica\/wp-json\/wp\/v2\/types\/post"}],"author":[{"embeddable":true,"href":"https:\/\/cpmendavia.educacion.navarra.es\/web\/musica\/wp-json\/wp\/v2\/users\/14"}],"replies":[{"embeddable":true,"href":"https:\/\/cpmendavia.educacion.navarra.es\/web\/musica\/wp-json\/wp\/v2\/comments?post=617"}],"version-history":[{"count":17,"href":"https:\/\/cpmendavia.educacion.navarra.es\/web\/musica\/wp-json\/wp\/v2\/posts\/617\/revisions"}],"predecessor-version":[{"id":1816,"href":"https:\/\/cpmendavia.educacion.navarra.es\/web\/musica\/wp-json\/wp\/v2\/posts\/617\/revisions\/1816"}],"wp:attachment":[{"href":"https:\/\/cpmendavia.educacion.navarra.es\/web\/musica\/wp-json\/wp\/v2\/media?parent=617"}],"wp:term":[{"taxonomy":"category","embeddable":true,"href":"https:\/\/cpmendavia.educacion.navarra.es\/web\/musica\/wp-json\/wp\/v2\/categories?post=617"},{"taxonomy":"post_tag","embeddable":true,"href":"https:\/\/cpmendavia.educacion.navarra.es\/web\/musica\/wp-json\/wp\/v2\/tags?post=617"}],"curies":[{"name":"wp","href":"https:\/\/api.w.org\/{rel}","templated":true}]}}