{"id":558,"date":"2013-03-08T18:00:48","date_gmt":"2013-03-08T18:00:48","guid":{"rendered":"http:\/\/cpmendavia.educacion.navarra.es\/web\/musica\/?p=558"},"modified":"2016-07-05T15:38:08","modified_gmt":"2016-07-05T15:38:08","slug":"la-carrera-musical","status":"publish","type":"post","link":"https:\/\/cpmendavia.educacion.navarra.es\/web\/musica\/2013\/03\/08\/la-carrera-musical\/","title":{"rendered":"LA CARRERA MUSICAL"},"content":{"rendered":"<p>Aqu\u00ed dejo un peque\u00f1o v\u00eddeo para que a trav\u00e9s de esta canci\u00f3n record\u00e9is<\/p>\n<p>las figuras musicales que hemos visto.<\/p>\n<p>Es de Musicaeduca.<\/p>\n<p>&nbsp;<\/p>\n<div class=\"embed-container\"><iframe width=\"750\" height=\"563\" src=\"https:\/\/www.youtube.com\/embed\/mUnYDA-f0sQ?feature=oembed\" frameborder=\"0\" allow=\"autoplay; encrypted-media\" allowfullscreen><\/iframe><\/div>\n<p>&nbsp;<\/p>\n<p><a href=\"https:\/\/cpmendavia.educacion.navarra.es\/web\/musica\/files\/2014\/06\/musical-notes.jpg\"><img loading=\"lazy\" class=\"alignnone size-medium wp-image-1708\" src=\"https:\/\/cpmendavia.educacion.navarra.es\/web\/musica\/files\/2014\/06\/musical-notes-300x113.jpg\" alt=\"musical-notes\" width=\"300\" height=\"113\" srcset=\"https:\/\/cpmendavia.educacion.navarra.es\/web\/musica\/files\/2014\/06\/musical-notes-300x113.jpg 300w, https:\/\/cpmendavia.educacion.navarra.es\/web\/musica\/files\/2014\/06\/musical-notes-768x290.jpg 768w, https:\/\/cpmendavia.educacion.navarra.es\/web\/musica\/files\/2014\/06\/musical-notes-1024x386.jpg 1024w, https:\/\/cpmendavia.educacion.navarra.es\/web\/musica\/files\/2014\/06\/musical-notes.jpg 1920w\" sizes=\"(max-width: 300px) 100vw, 300px\" \/><\/a><\/p>\n","protected":false},"excerpt":{"rendered":"<p>Aqu\u00ed dejo un peque\u00f1o v\u00eddeo para que a trav\u00e9s de esta canci\u00f3n record\u00e9is las figuras musicales que hemos visto. Es de Musicaeduca. &nbsp; &nbsp;<\/p>\n","protected":false},"author":14,"featured_media":0,"comment_status":"open","ping_status":"open","sticky":false,"template":"","format":"standard","meta":[],"categories":[17,18,15],"tags":[],"_links":{"self":[{"href":"https:\/\/cpmendavia.educacion.navarra.es\/web\/musica\/wp-json\/wp\/v2\/posts\/558"}],"collection":[{"href":"https:\/\/cpmendavia.educacion.navarra.es\/web\/musica\/wp-json\/wp\/v2\/posts"}],"about":[{"href":"https:\/\/cpmendavia.educacion.navarra.es\/web\/musica\/wp-json\/wp\/v2\/types\/post"}],"author":[{"embeddable":true,"href":"https:\/\/cpmendavia.educacion.navarra.es\/web\/musica\/wp-json\/wp\/v2\/users\/14"}],"replies":[{"embeddable":true,"href":"https:\/\/cpmendavia.educacion.navarra.es\/web\/musica\/wp-json\/wp\/v2\/comments?post=558"}],"version-history":[{"count":17,"href":"https:\/\/cpmendavia.educacion.navarra.es\/web\/musica\/wp-json\/wp\/v2\/posts\/558\/revisions"}],"predecessor-version":[{"id":1814,"href":"https:\/\/cpmendavia.educacion.navarra.es\/web\/musica\/wp-json\/wp\/v2\/posts\/558\/revisions\/1814"}],"wp:attachment":[{"href":"https:\/\/cpmendavia.educacion.navarra.es\/web\/musica\/wp-json\/wp\/v2\/media?parent=558"}],"wp:term":[{"taxonomy":"category","embeddable":true,"href":"https:\/\/cpmendavia.educacion.navarra.es\/web\/musica\/wp-json\/wp\/v2\/categories?post=558"},{"taxonomy":"post_tag","embeddable":true,"href":"https:\/\/cpmendavia.educacion.navarra.es\/web\/musica\/wp-json\/wp\/v2\/tags?post=558"}],"curies":[{"name":"wp","href":"https:\/\/api.w.org\/{rel}","templated":true}]}}