{"id":253,"date":"2012-12-07T18:55:01","date_gmt":"2012-12-07T18:55:01","guid":{"rendered":"http:\/\/aliciamusica.wordpress.com\/?p=253"},"modified":"2016-07-05T15:52:15","modified_gmt":"2016-07-05T15:52:15","slug":"mas-alla","status":"publish","type":"post","link":"https:\/\/cpmendavia.educacion.navarra.es\/web\/musica\/2012\/12\/07\/mas-alla\/","title":{"rendered":"M\u00c1S ALLA"},"content":{"rendered":"<p>Ya queda menos para la Navidad. Aqu\u00ed os dejo para los alumnos de 6\u00ba, un video de la canci\u00f3n titulada \u00bb M\u00e1s all\u00e1\u00bb de Gloria Estefan para que pod\u00e1is aprender la letra de esta bella canci\u00f3n.<\/p>\n<div class=\"embed-container\"><iframe width=\"750\" height=\"563\" src=\"https:\/\/www.youtube.com\/embed\/rFhX3C0_dn8?feature=oembed\" frameborder=\"0\" allow=\"autoplay; encrypted-media\" allowfullscreen><\/iframe><\/div>\n<p>Y para los que quieran ponerse a prueba aqu\u00ed os dejo el karaoke para que cant\u00e9is vosotros.<\/p>\n<p>M\u00c1S ALL\u00c1 (GLORIA ESTEFAN) INSTRUMENTAL PIANO<\/p>\n[audio:http:\/\/www.ivoox.com\/mas-alla_md_1630435_1.mp3]\n<p>M\u00c1S ALLA (KARAOKE)<\/p>\n[audio:http:\/\/www.ivoox.com\/mas-alla-instrumental_md_1630442_1.mp3]\n<p>&nbsp;<\/p>\n<p><a href=\"https:\/\/cpmendavia.educacion.navarra.es\/web\/musica\/files\/2014\/06\/musical-notes.jpg\"><img loading=\"lazy\" class=\"alignnone size-medium wp-image-1708\" src=\"https:\/\/cpmendavia.educacion.navarra.es\/web\/musica\/files\/2014\/06\/musical-notes-300x113.jpg\" alt=\"musical-notes\" width=\"300\" height=\"113\" srcset=\"https:\/\/cpmendavia.educacion.navarra.es\/web\/musica\/files\/2014\/06\/musical-notes-300x113.jpg 300w, https:\/\/cpmendavia.educacion.navarra.es\/web\/musica\/files\/2014\/06\/musical-notes-768x290.jpg 768w, https:\/\/cpmendavia.educacion.navarra.es\/web\/musica\/files\/2014\/06\/musical-notes-1024x386.jpg 1024w, https:\/\/cpmendavia.educacion.navarra.es\/web\/musica\/files\/2014\/06\/musical-notes.jpg 1920w\" sizes=\"(max-width: 300px) 100vw, 300px\" \/><\/a><\/p>\n","protected":false},"excerpt":{"rendered":"<p>Ya queda menos para la Navidad. Aqu\u00ed os dejo para los alumnos de 6\u00ba, un video de la canci\u00f3n titulada \u00bb M\u00e1s all\u00e1\u00bb de Gloria Estefan para que pod\u00e1is aprender la letra de esta bella canci\u00f3n. Y para los que quieran ponerse a prueba aqu\u00ed os dejo el karaoke para que cant\u00e9is vosotros. M\u00c1S ALL\u00c1 &hellip; <\/p>\n<p><a class=\"more-link btn\" href=\"https:\/\/cpmendavia.educacion.navarra.es\/web\/musica\/2012\/12\/07\/mas-alla\/\">Continue reading<\/a><\/p>\n","protected":false},"author":14,"featured_media":0,"comment_status":"open","ping_status":"open","sticky":false,"template":"","format":"standard","meta":[],"categories":[3,15],"tags":[],"_links":{"self":[{"href":"https:\/\/cpmendavia.educacion.navarra.es\/web\/musica\/wp-json\/wp\/v2\/posts\/253"}],"collection":[{"href":"https:\/\/cpmendavia.educacion.navarra.es\/web\/musica\/wp-json\/wp\/v2\/posts"}],"about":[{"href":"https:\/\/cpmendavia.educacion.navarra.es\/web\/musica\/wp-json\/wp\/v2\/types\/post"}],"author":[{"embeddable":true,"href":"https:\/\/cpmendavia.educacion.navarra.es\/web\/musica\/wp-json\/wp\/v2\/users\/14"}],"replies":[{"embeddable":true,"href":"https:\/\/cpmendavia.educacion.navarra.es\/web\/musica\/wp-json\/wp\/v2\/comments?post=253"}],"version-history":[{"count":3,"href":"https:\/\/cpmendavia.educacion.navarra.es\/web\/musica\/wp-json\/wp\/v2\/posts\/253\/revisions"}],"predecessor-version":[{"id":1829,"href":"https:\/\/cpmendavia.educacion.navarra.es\/web\/musica\/wp-json\/wp\/v2\/posts\/253\/revisions\/1829"}],"wp:attachment":[{"href":"https:\/\/cpmendavia.educacion.navarra.es\/web\/musica\/wp-json\/wp\/v2\/media?parent=253"}],"wp:term":[{"taxonomy":"category","embeddable":true,"href":"https:\/\/cpmendavia.educacion.navarra.es\/web\/musica\/wp-json\/wp\/v2\/categories?post=253"},{"taxonomy":"post_tag","embeddable":true,"href":"https:\/\/cpmendavia.educacion.navarra.es\/web\/musica\/wp-json\/wp\/v2\/tags?post=253"}],"curies":[{"name":"wp","href":"https:\/\/api.w.org\/{rel}","templated":true}]}}