{"id":1235,"date":"2014-05-04T09:49:46","date_gmt":"2014-05-04T09:49:46","guid":{"rendered":"http:\/\/cpmendavia.educacion.navarra.es\/web\/musica\/?p=1235"},"modified":"2016-07-03T17:50:24","modified_gmt":"2016-07-03T17:50:24","slug":"dia-de-europa","status":"publish","type":"post","link":"https:\/\/cpmendavia.educacion.navarra.es\/web\/musica\/2014\/05\/04\/dia-de-europa\/","title":{"rendered":"D\u00edA DE EUROPA"},"content":{"rendered":"<p>El d\u00eda 9 de Mayo se celebra el d\u00eda de Europa. Aqu\u00ed os dejo la partitura y un v\u00eddeo con las notas del\u00a0 Himno a la Alegr\u00eda para que lo pod\u00e1is practicar con la flauta. \u00a1\u00c1nimo artistas!<\/p>\n<p><a href=\"https:\/\/cpmendavia.educacion.navarra.es\/web\/musica\/files\/2014\/05\/portada-dia-de-europa.jpg\"><img loading=\"lazy\" class=\"aligncenter wp-image-1242 size-full\" src=\"https:\/\/cpmendavia.educacion.navarra.es\/web\/musica\/files\/2014\/05\/portada-dia-de-europa.jpg\" alt=\"portada dia de europa\" width=\"407\" height=\"507\" srcset=\"https:\/\/cpmendavia.educacion.navarra.es\/web\/musica\/files\/2014\/05\/portada-dia-de-europa.jpg 407w, https:\/\/cpmendavia.educacion.navarra.es\/web\/musica\/files\/2014\/05\/portada-dia-de-europa-240x300.jpg 240w\" sizes=\"(max-width: 407px) 100vw, 407px\" \/><\/a><\/p>\n<p><a href=\"https:\/\/cpmendavia.educacion.navarra.es\/web\/musica\/files\/2014\/05\/himno-a-la-alegria.jpg\"><img loading=\"lazy\" class=\"aligncenter wp-image-1237 size-full\" src=\"https:\/\/cpmendavia.educacion.navarra.es\/web\/musica\/files\/2014\/05\/himno-a-la-alegria.jpg\" alt=\"himno a la alegria\" width=\"924\" height=\"558\" srcset=\"https:\/\/cpmendavia.educacion.navarra.es\/web\/musica\/files\/2014\/05\/himno-a-la-alegria.jpg 924w, https:\/\/cpmendavia.educacion.navarra.es\/web\/musica\/files\/2014\/05\/himno-a-la-alegria-300x181.jpg 300w, https:\/\/cpmendavia.educacion.navarra.es\/web\/musica\/files\/2014\/05\/himno-a-la-alegria-496x300.jpg 496w\" sizes=\"(max-width: 924px) 100vw, 924px\" \/><\/a><\/p>\n<a href=\"http:\/\/www.youtube.com\/watch?v=QWj_Mot8aPk\">http:\/\/www.youtube.com\/watch?v=QWj_Mot8aPk<\/a>\n<p>&nbsp;<\/p>\n<p><a href=\"https:\/\/cpmendavia.educacion.navarra.es\/web\/musica\/2014\/06\/23\/felices-vacaciones-a-todos\/musical-notes\/\"><img loading=\"lazy\" class=\"wp-image-1708 aligncenter\" src=\"https:\/\/cpmendavia.educacion.navarra.es\/web\/musica\/files\/2014\/06\/musical-notes.jpg\" alt=\"musical-notes\" width=\"286\" height=\"108\" srcset=\"https:\/\/cpmendavia.educacion.navarra.es\/web\/musica\/files\/2014\/06\/musical-notes.jpg 1920w, https:\/\/cpmendavia.educacion.navarra.es\/web\/musica\/files\/2014\/06\/musical-notes-300x113.jpg 300w, https:\/\/cpmendavia.educacion.navarra.es\/web\/musica\/files\/2014\/06\/musical-notes-768x290.jpg 768w, https:\/\/cpmendavia.educacion.navarra.es\/web\/musica\/files\/2014\/06\/musical-notes-1024x386.jpg 1024w\" sizes=\"(max-width: 286px) 100vw, 286px\" \/><\/a><\/p>\n","protected":false},"excerpt":{"rendered":"<p>El d\u00eda 9 de Mayo se celebra el d\u00eda de Europa. Aqu\u00ed os dejo la partitura y un v\u00eddeo con las notas del\u00a0 Himno a la Alegr\u00eda para que lo pod\u00e1is practicar con la flauta. \u00a1\u00c1nimo artistas! &nbsp;<\/p>\n","protected":false},"author":14,"featured_media":0,"comment_status":"open","ping_status":"open","sticky":false,"template":"","format":"standard","meta":[],"categories":[22,23],"tags":[],"_links":{"self":[{"href":"https:\/\/cpmendavia.educacion.navarra.es\/web\/musica\/wp-json\/wp\/v2\/posts\/1235"}],"collection":[{"href":"https:\/\/cpmendavia.educacion.navarra.es\/web\/musica\/wp-json\/wp\/v2\/posts"}],"about":[{"href":"https:\/\/cpmendavia.educacion.navarra.es\/web\/musica\/wp-json\/wp\/v2\/types\/post"}],"author":[{"embeddable":true,"href":"https:\/\/cpmendavia.educacion.navarra.es\/web\/musica\/wp-json\/wp\/v2\/users\/14"}],"replies":[{"embeddable":true,"href":"https:\/\/cpmendavia.educacion.navarra.es\/web\/musica\/wp-json\/wp\/v2\/comments?post=1235"}],"version-history":[{"count":10,"href":"https:\/\/cpmendavia.educacion.navarra.es\/web\/musica\/wp-json\/wp\/v2\/posts\/1235\/revisions"}],"predecessor-version":[{"id":1757,"href":"https:\/\/cpmendavia.educacion.navarra.es\/web\/musica\/wp-json\/wp\/v2\/posts\/1235\/revisions\/1757"}],"wp:attachment":[{"href":"https:\/\/cpmendavia.educacion.navarra.es\/web\/musica\/wp-json\/wp\/v2\/media?parent=1235"}],"wp:term":[{"taxonomy":"category","embeddable":true,"href":"https:\/\/cpmendavia.educacion.navarra.es\/web\/musica\/wp-json\/wp\/v2\/categories?post=1235"},{"taxonomy":"post_tag","embeddable":true,"href":"https:\/\/cpmendavia.educacion.navarra.es\/web\/musica\/wp-json\/wp\/v2\/tags?post=1235"}],"curies":[{"name":"wp","href":"https:\/\/api.w.org\/{rel}","templated":true}]}}