{"id":1218,"date":"2014-03-07T08:50:16","date_gmt":"2014-03-07T08:50:16","guid":{"rendered":"http:\/\/cpmendavia.educacion.navarra.es\/web\/musica\/?p=1218"},"modified":"2016-07-03T17:51:53","modified_gmt":"2016-07-03T17:51:53","slug":"concierto-con-botellas","status":"publish","type":"post","link":"https:\/\/cpmendavia.educacion.navarra.es\/web\/musica\/2014\/03\/07\/concierto-con-botellas\/","title":{"rendered":"Concierto con botellas"},"content":{"rendered":"<p><!-- [if gte mso 9]><xml>\n<w:WordDocument>\n<w:View>Normal<\/w:View>\n<w:Zoom>0<\/w:Zoom>\n<w:HyphenationZone>21<\/w:HyphenationZone>\n<w:Compatibility>\n<w:BreakWrappedTables\/>\n<w:SnapToGridInCell\/>\n<w:ApplyBreakingRules\/>\n<w:WrapTextWithPunct\/>\n<w:UseAsianBreakRules\/>\n<w:UseFELayout\/>\n<\/w:Compatibility>\n<w:BrowserLevel>MicrosoftInternetExplorer4<\/w:BrowserLevel>\n<\/w:WordDocument>\n<\/xml><![endif]--><\/p>\n<p><!-- [if gte mso 10]>\n\n\n\n<style>\n \/* Style Definitions *\/\ntable.MsoNormalTable\n{mso-style-name:\"Tabla normal\";\nmso-tstyle-rowband-size:0;\nmso-tstyle-colband-size:0;\nmso-style-noshow:yes;\nmso-style-parent:\"\";\nmso-padding-alt:0cm 5.4pt 0cm 5.4pt;\nmso-para-margin:0cm;\nmso-para-margin-bottom:.0001pt;\nmso-pagination:widow-orphan;\nfont-size:10.0pt;\nfont-family:\"Times New Roman\";\nmso-fareast-font-family:\"Times New Roman\";}\n<\/style>\n\n<![endif]--><\/p>\n<p class=\"MsoNormal\"><span style=\"font-family: Arial;\">Aqu\u00ed os dejo un v\u00eddeo para que ve\u00e1is que se puede hacer m\u00fasica con todo tipo de instrumentos. En este caso la orquesta interpreta m\u00fasica con instrumentos de aliento y percusiones.<\/span><\/p>\n<p class=\"MsoNormal\"><div class=\"embed-container\"><iframe width=\"750\" height=\"422\" src=\"https:\/\/www.youtube.com\/embed\/iH-J_PRnU4M?start=11&feature=oembed\" frameborder=\"0\" allowfullscreen><\/iframe><\/div><\/p>\n<p class=\"MsoNormal\"><a href=\"https:\/\/cpmendavia.educacion.navarra.es\/web\/musica\/2014\/06\/23\/felices-vacaciones-a-todos\/musical-notes\/\"><img loading=\"lazy\" class=\"wp-image-1708 aligncenter\" src=\"https:\/\/cpmendavia.educacion.navarra.es\/web\/musica\/files\/2014\/06\/musical-notes.jpg\" alt=\"musical-notes\" width=\"342\" height=\"129\" srcset=\"https:\/\/cpmendavia.educacion.navarra.es\/web\/musica\/files\/2014\/06\/musical-notes.jpg 1920w, https:\/\/cpmendavia.educacion.navarra.es\/web\/musica\/files\/2014\/06\/musical-notes-300x113.jpg 300w, https:\/\/cpmendavia.educacion.navarra.es\/web\/musica\/files\/2014\/06\/musical-notes-768x290.jpg 768w, https:\/\/cpmendavia.educacion.navarra.es\/web\/musica\/files\/2014\/06\/musical-notes-1024x386.jpg 1024w\" sizes=\"(max-width: 342px) 100vw, 342px\" \/><\/a><\/p>\n","protected":false},"excerpt":{"rendered":"<p>Aqu\u00ed os dejo un v\u00eddeo para que ve\u00e1is que se puede hacer m\u00fasica con todo tipo de instrumentos. En este caso la orquesta interpreta m\u00fasica con instrumentos de aliento y percusiones.<\/p>\n","protected":false},"author":14,"featured_media":0,"comment_status":"open","ping_status":"open","sticky":false,"template":"","format":"standard","meta":[],"categories":[15],"tags":[],"_links":{"self":[{"href":"https:\/\/cpmendavia.educacion.navarra.es\/web\/musica\/wp-json\/wp\/v2\/posts\/1218"}],"collection":[{"href":"https:\/\/cpmendavia.educacion.navarra.es\/web\/musica\/wp-json\/wp\/v2\/posts"}],"about":[{"href":"https:\/\/cpmendavia.educacion.navarra.es\/web\/musica\/wp-json\/wp\/v2\/types\/post"}],"author":[{"embeddable":true,"href":"https:\/\/cpmendavia.educacion.navarra.es\/web\/musica\/wp-json\/wp\/v2\/users\/14"}],"replies":[{"embeddable":true,"href":"https:\/\/cpmendavia.educacion.navarra.es\/web\/musica\/wp-json\/wp\/v2\/comments?post=1218"}],"version-history":[{"count":5,"href":"https:\/\/cpmendavia.educacion.navarra.es\/web\/musica\/wp-json\/wp\/v2\/posts\/1218\/revisions"}],"predecessor-version":[{"id":1760,"href":"https:\/\/cpmendavia.educacion.navarra.es\/web\/musica\/wp-json\/wp\/v2\/posts\/1218\/revisions\/1760"}],"wp:attachment":[{"href":"https:\/\/cpmendavia.educacion.navarra.es\/web\/musica\/wp-json\/wp\/v2\/media?parent=1218"}],"wp:term":[{"taxonomy":"category","embeddable":true,"href":"https:\/\/cpmendavia.educacion.navarra.es\/web\/musica\/wp-json\/wp\/v2\/categories?post=1218"},{"taxonomy":"post_tag","embeddable":true,"href":"https:\/\/cpmendavia.educacion.navarra.es\/web\/musica\/wp-json\/wp\/v2\/tags?post=1218"}],"curies":[{"name":"wp","href":"https:\/\/api.w.org\/{rel}","templated":true}]}}