{"id":1182,"date":"2014-01-24T08:40:04","date_gmt":"2014-01-24T08:40:04","guid":{"rendered":"http:\/\/cpmendavia.educacion.navarra.es\/web\/musica\/?p=1182"},"modified":"2016-07-03T17:53:44","modified_gmt":"2016-07-03T17:53:44","slug":"1182","status":"publish","type":"post","link":"https:\/\/cpmendavia.educacion.navarra.es\/web\/musica\/2014\/01\/24\/1182\/","title":{"rendered":"Piratas del Caribe"},"content":{"rendered":"<p>Os dejo para los alumnos de 6\u00ba, unos v\u00eddeos con la m\u00fasica, partitura y posiciones de las notas en flauta dulce de una de las melod\u00edas de las bandas sonoras que escuchamos esta semana en clase. Se trata de la melod\u00eda de \u00abpiratas del Caribe\u00bb.<br \/>\nLa vamos a ir trabajando a lo largo de las siguientes semanas. \u00a1\u00c1nimo y a ensayar!<\/p>\n<p><a title=\"http:\/\/www.noteflight.com\/scores\/view\/6f2898547da32921cb2c574ef819502d11096125\" href=\"http:\/\/www.noteflight.com\/scores\/view\/6f2898547da32921cb2c574ef819502d11096125\"><img loading=\"lazy\" class=\"alignnone wp-image-1188\" src=\"https:\/\/cpmendavia.educacion.navarra.es\/web\/musica\/files\/2014\/01\/piratas1-copia.jpg\" alt=\"piratas1 copia\" width=\"901\" height=\"487\" srcset=\"https:\/\/cpmendavia.educacion.navarra.es\/web\/musica\/files\/2014\/01\/piratas1-copia.jpg 901w, https:\/\/cpmendavia.educacion.navarra.es\/web\/musica\/files\/2014\/01\/piratas1-copia-300x162.jpg 300w, https:\/\/cpmendavia.educacion.navarra.es\/web\/musica\/files\/2014\/01\/piratas1-copia-500x270.jpg 500w\" sizes=\"(max-width: 901px) 100vw, 901px\" \/><\/a><br \/>\n<div class=\"embed-container\"><iframe width=\"750\" height=\"422\" src=\"https:\/\/www.youtube.com\/embed\/kXq1nIo_Fzw?feature=oembed\" frameborder=\"0\" allowfullscreen><\/iframe><\/div><\/p>\n<div class=\"embed-container\"><iframe width=\"750\" height=\"563\" src=\"https:\/\/www.youtube.com\/embed\/qV9Ni-rKagU?feature=oembed\" frameborder=\"0\" allowfullscreen><\/iframe><\/div>\n<p><a href=\"https:\/\/cpmendavia.educacion.navarra.es\/web\/musica\/2014\/06\/23\/felices-vacaciones-a-todos\/musical-notes\/\"><img loading=\"lazy\" class=\"wp-image-1708 aligncenter\" src=\"https:\/\/cpmendavia.educacion.navarra.es\/web\/musica\/files\/2014\/06\/musical-notes.jpg\" alt=\"musical-notes\" width=\"424\" height=\"160\" srcset=\"https:\/\/cpmendavia.educacion.navarra.es\/web\/musica\/files\/2014\/06\/musical-notes.jpg 1920w, https:\/\/cpmendavia.educacion.navarra.es\/web\/musica\/files\/2014\/06\/musical-notes-300x113.jpg 300w, https:\/\/cpmendavia.educacion.navarra.es\/web\/musica\/files\/2014\/06\/musical-notes-768x290.jpg 768w, https:\/\/cpmendavia.educacion.navarra.es\/web\/musica\/files\/2014\/06\/musical-notes-1024x386.jpg 1024w\" sizes=\"(max-width: 424px) 100vw, 424px\" \/><\/a><\/p>\n","protected":false},"excerpt":{"rendered":"<p>Os dejo para los alumnos de 6\u00ba, unos v\u00eddeos con la m\u00fasica, partitura y posiciones de las notas en flauta dulce de una de las melod\u00edas de las bandas sonoras que escuchamos esta semana en clase. Se trata de la melod\u00eda de \u00abpiratas del Caribe\u00bb. La vamos a ir trabajando a lo largo de las &hellip; <\/p>\n<p><a class=\"more-link btn\" href=\"https:\/\/cpmendavia.educacion.navarra.es\/web\/musica\/2014\/01\/24\/1182\/\">Continue reading<\/a><\/p>\n","protected":false},"author":14,"featured_media":0,"comment_status":"open","ping_status":"open","sticky":false,"template":"","format":"standard","meta":[],"categories":[23,8],"tags":[],"_links":{"self":[{"href":"https:\/\/cpmendavia.educacion.navarra.es\/web\/musica\/wp-json\/wp\/v2\/posts\/1182"}],"collection":[{"href":"https:\/\/cpmendavia.educacion.navarra.es\/web\/musica\/wp-json\/wp\/v2\/posts"}],"about":[{"href":"https:\/\/cpmendavia.educacion.navarra.es\/web\/musica\/wp-json\/wp\/v2\/types\/post"}],"author":[{"embeddable":true,"href":"https:\/\/cpmendavia.educacion.navarra.es\/web\/musica\/wp-json\/wp\/v2\/users\/14"}],"replies":[{"embeddable":true,"href":"https:\/\/cpmendavia.educacion.navarra.es\/web\/musica\/wp-json\/wp\/v2\/comments?post=1182"}],"version-history":[{"count":14,"href":"https:\/\/cpmendavia.educacion.navarra.es\/web\/musica\/wp-json\/wp\/v2\/posts\/1182\/revisions"}],"predecessor-version":[{"id":1764,"href":"https:\/\/cpmendavia.educacion.navarra.es\/web\/musica\/wp-json\/wp\/v2\/posts\/1182\/revisions\/1764"}],"wp:attachment":[{"href":"https:\/\/cpmendavia.educacion.navarra.es\/web\/musica\/wp-json\/wp\/v2\/media?parent=1182"}],"wp:term":[{"taxonomy":"category","embeddable":true,"href":"https:\/\/cpmendavia.educacion.navarra.es\/web\/musica\/wp-json\/wp\/v2\/categories?post=1182"},{"taxonomy":"post_tag","embeddable":true,"href":"https:\/\/cpmendavia.educacion.navarra.es\/web\/musica\/wp-json\/wp\/v2\/tags?post=1182"}],"curies":[{"name":"wp","href":"https:\/\/api.w.org\/{rel}","templated":true}]}}