{"id":87,"date":"2019-05-13T09:42:28","date_gmt":"2019-05-13T09:42:28","guid":{"rendered":"http:\/\/cpmendavia.educacion.navarra.es\/web\/ciclo2\/?p=87"},"modified":"2019-05-13T09:42:28","modified_gmt":"2019-05-13T09:42:28","slug":"dia-del-libro-books-day","status":"publish","type":"post","link":"https:\/\/cpmendavia.educacion.navarra.es\/web\/ciclo2\/2019\/05\/13\/dia-del-libro-books-day\/","title":{"rendered":"D\u00cdA DEL LIBRO\/ BOOK&#8217;S DAY"},"content":{"rendered":"\n<p>El pasado d\u00eda 23 de abril se celebr\u00f3 el D\u00eda del Libro. L@s alumn@s  de 3\u00ba lo celebraron leyendo en distintos lugares y con distinta compa\u00f1\u00eda: en la playa, en un \u00e1rbol, en los columpios, con la cuadrilla&#8230; <\/p>\n\n\n\n<p>Tanto alumn@s como familias demostraron con sus fotos que&#8230;\u00a1cualquier lugar es perfecto para leer!<\/p>\n\n\n\n<p>Book\u00b4s Day!          It\u00b4s  a fantastic day to share experiences about reading. To demonstrate that read a book open your imagination and creativity.  <\/p>\n\n\n\n<p>HAVE A NICE READING!!!<\/p>\n\n\n\n<figure class=\"wp-block-image\"><img loading=\"lazy\" width=\"1024\" height=\"683\" src=\"https:\/\/cpmendavia.educacion.navarra.es\/web\/ciclo2\/files\/2019\/05\/Mural-3\u00ba-dia-del-libro1-1024x683.jpg\" alt=\"\" class=\"wp-image-89\" srcset=\"https:\/\/cpmendavia.educacion.navarra.es\/web\/ciclo2\/files\/2019\/05\/Mural-3\u00ba-dia-del-libro1-1024x683.jpg 1024w, https:\/\/cpmendavia.educacion.navarra.es\/web\/ciclo2\/files\/2019\/05\/Mural-3\u00ba-dia-del-libro1-300x200.jpg 300w, https:\/\/cpmendavia.educacion.navarra.es\/web\/ciclo2\/files\/2019\/05\/Mural-3\u00ba-dia-del-libro1-768x512.jpg 768w\" sizes=\"(max-width: 1024px) 100vw, 1024px\" \/><\/figure>\n","protected":false},"excerpt":{"rendered":"<p>El pasado d\u00eda 23 de abril se celebr\u00f3 el D\u00eda del Libro. L@s alumn@s de 3\u00ba lo celebraron leyendo en distintos lugares y con distinta compa\u00f1\u00eda: en la playa, en un \u00e1rbol, en los columpios, con la cuadrilla&#8230; Tanto alumn@s como familias demostraron con sus fotos que&#8230;\u00a1cualquier lugar es perfecto para leer! Book\u00b4s Day! It\u00b4s &hellip; <\/p>\n<p><a class=\"more-link btn\" href=\"https:\/\/cpmendavia.educacion.navarra.es\/web\/ciclo2\/2019\/05\/13\/dia-del-libro-books-day\/\">Continue reading<\/a><\/p>\n","protected":false},"author":10,"featured_media":0,"comment_status":"open","ping_status":"open","sticky":false,"template":"","format":"standard","meta":[],"categories":[1],"tags":[],"_links":{"self":[{"href":"https:\/\/cpmendavia.educacion.navarra.es\/web\/ciclo2\/wp-json\/wp\/v2\/posts\/87"}],"collection":[{"href":"https:\/\/cpmendavia.educacion.navarra.es\/web\/ciclo2\/wp-json\/wp\/v2\/posts"}],"about":[{"href":"https:\/\/cpmendavia.educacion.navarra.es\/web\/ciclo2\/wp-json\/wp\/v2\/types\/post"}],"author":[{"embeddable":true,"href":"https:\/\/cpmendavia.educacion.navarra.es\/web\/ciclo2\/wp-json\/wp\/v2\/users\/10"}],"replies":[{"embeddable":true,"href":"https:\/\/cpmendavia.educacion.navarra.es\/web\/ciclo2\/wp-json\/wp\/v2\/comments?post=87"}],"version-history":[{"count":3,"href":"https:\/\/cpmendavia.educacion.navarra.es\/web\/ciclo2\/wp-json\/wp\/v2\/posts\/87\/revisions"}],"predecessor-version":[{"id":91,"href":"https:\/\/cpmendavia.educacion.navarra.es\/web\/ciclo2\/wp-json\/wp\/v2\/posts\/87\/revisions\/91"}],"wp:attachment":[{"href":"https:\/\/cpmendavia.educacion.navarra.es\/web\/ciclo2\/wp-json\/wp\/v2\/media?parent=87"}],"wp:term":[{"taxonomy":"category","embeddable":true,"href":"https:\/\/cpmendavia.educacion.navarra.es\/web\/ciclo2\/wp-json\/wp\/v2\/categories?post=87"},{"taxonomy":"post_tag","embeddable":true,"href":"https:\/\/cpmendavia.educacion.navarra.es\/web\/ciclo2\/wp-json\/wp\/v2\/tags?post=87"}],"curies":[{"name":"wp","href":"https:\/\/api.w.org\/{rel}","templated":true}]}}