{"id":530,"date":"2018-06-15T09:55:25","date_gmt":"2018-06-15T09:55:25","guid":{"rendered":"http:\/\/cpmendavia.educacion.navarra.es\/web\/ciclo1\/?p=530"},"modified":"2018-06-15T09:59:07","modified_gmt":"2018-06-15T09:59:07","slug":"dia-del-libro-2","status":"publish","type":"post","link":"https:\/\/cpmendavia.educacion.navarra.es\/web\/ciclo1\/2018\/06\/15\/dia-del-libro-2\/","title":{"rendered":"DIA DEL LIBRO"},"content":{"rendered":"<p>El d\u00eda del libro nuestra querida Pilar vino a leernos dos libros en castellano. En ingl\u00e9s nos contaron el cuento de el Gruffalo. Despu\u00e9s hicimos varias actividades sobre el cuento y cantamos una canci\u00f3n.<\/p>\n<p><a href=\"https:\/\/photos.app.goo.gl\/EB3hBmSebZBMeF2NA\">https:\/\/photos.app.goo.gl\/EB3hBmSebZBMeF2NA<\/a><\/p>\n","protected":false},"excerpt":{"rendered":"<p>El d\u00eda del libro nuestra querida Pilar vino a leernos dos libros en castellano. En ingl\u00e9s nos contaron el cuento de el Gruffalo. Despu\u00e9s hicimos varias actividades sobre el cuento y cantamos una canci\u00f3n. https:\/\/photos.app.goo.gl\/EB3hBmSebZBMeF2NA<\/p>\n","protected":false},"author":11,"featured_media":0,"comment_status":"open","ping_status":"open","sticky":false,"template":"","format":"standard","meta":[],"categories":[17],"tags":[],"_links":{"self":[{"href":"https:\/\/cpmendavia.educacion.navarra.es\/web\/ciclo1\/wp-json\/wp\/v2\/posts\/530"}],"collection":[{"href":"https:\/\/cpmendavia.educacion.navarra.es\/web\/ciclo1\/wp-json\/wp\/v2\/posts"}],"about":[{"href":"https:\/\/cpmendavia.educacion.navarra.es\/web\/ciclo1\/wp-json\/wp\/v2\/types\/post"}],"author":[{"embeddable":true,"href":"https:\/\/cpmendavia.educacion.navarra.es\/web\/ciclo1\/wp-json\/wp\/v2\/users\/11"}],"replies":[{"embeddable":true,"href":"https:\/\/cpmendavia.educacion.navarra.es\/web\/ciclo1\/wp-json\/wp\/v2\/comments?post=530"}],"version-history":[{"count":3,"href":"https:\/\/cpmendavia.educacion.navarra.es\/web\/ciclo1\/wp-json\/wp\/v2\/posts\/530\/revisions"}],"predecessor-version":[{"id":533,"href":"https:\/\/cpmendavia.educacion.navarra.es\/web\/ciclo1\/wp-json\/wp\/v2\/posts\/530\/revisions\/533"}],"wp:attachment":[{"href":"https:\/\/cpmendavia.educacion.navarra.es\/web\/ciclo1\/wp-json\/wp\/v2\/media?parent=530"}],"wp:term":[{"taxonomy":"category","embeddable":true,"href":"https:\/\/cpmendavia.educacion.navarra.es\/web\/ciclo1\/wp-json\/wp\/v2\/categories?post=530"},{"taxonomy":"post_tag","embeddable":true,"href":"https:\/\/cpmendavia.educacion.navarra.es\/web\/ciclo1\/wp-json\/wp\/v2\/tags?post=530"}],"curies":[{"name":"wp","href":"https:\/\/api.w.org\/{rel}","templated":true}]}}